{"id":6769,"date":"2013-08-22T11:11:08","date_gmt":"2013-08-22T14:11:08","guid":{"rendered":"http:\/\/jornalcontato.com.br\/home\/?p=6769"},"modified":"2013-09-10T16:09:28","modified_gmt":"2013-09-10T19:09:28","slug":"escoteiro-que-estava-desaparecido-e-encontrado-em-sao-paulo","status":"publish","type":"post","link":"https:\/\/www.jornalcontato.com.br\/home\/index.php\/escoteiro-que-estava-desaparecido-e-encontrado-em-sao-paulo\/","title":{"rendered":"Escoteiro que estava desaparecido \u00e9 encontrado em S\u00e3o Paulo"},"content":{"rendered":"<p><!--more-->Por Paulo Lacerda (texto e foto)<\/p>\n<p>O escoteiro Luiz Felipe Costa da Cruz, de 16 anos, foi encontrado na noite de quarta-feira, dia 21. Ele estava na casa de familiares, em S\u00e3o Paulo. Hoje, por volta das 8 horas, ele chegou ao 1\u00ba Distrito Policial em Taubat\u00e9 para prestar depoimento.<\/p>\n<p>Segundo a pol\u00edcia, o jovem disse que saiu de Taubat\u00e9 na manh\u00e3 do dia 14 e foi andando at\u00e9 o munic\u00edpio de Ca\u00e7apava. L\u00e1, pegou um \u00f4nibus para S\u00e3o Jos\u00e9 dos Campos e depois outro para S\u00e3o Paulo, onde chegou na quinta-feira, dia 15. Quando fugiu, o jovem levou consigo pacotes de bolacha e sucos, al\u00e9m de dinheiro em esp\u00e9cie.<\/p>\n<div>O jovem teria permanecido no interior do terminal Tiet\u00ea de 15 a 21 de agosto. Ele teria procurado a casa de parentes na capital depois de ser assaltado. De acordo com a vers\u00e3o do escoteiro, o ladr\u00e3o subtraiu a mochila que tinha alimentos e o restante do dinheiro. Sem dinheiro, ele resolveu procurar a casa de parentes em S\u00e3o Paulo. Na capital, a tia do garoto mora pr\u00f3ximo a um shopping no bairro Jabaquara. Luiz Felipe foi andando at\u00e9 a casa da tia<\/div>\n<p>De acordo com o delegado respons\u00e1vel pelo caso, Hor\u00e1cio Campos, o menino teria afirmado que n\u00e3o querer mais voltar para a casa dos pais, preferindo morar com a av\u00f3. O motivo para isso n\u00e3o foi revelado pela pol\u00edcia.<\/p>\n<p>Depois de prestar depoimento na delegacia, o garoto seguiu para o Conselho Tutelar para ver a possibilidade dele residir com a av\u00f3, mediante guarda provis\u00f3ria.<\/p>\n<p>Desde o seu desaparecimento, uma grande mobiliza\u00e7\u00e3o ocorreu em Taubat\u00e9. Cartazes foram colados nos vidros de carros e an\u00fancios freq\u00fcentes na m\u00eddia local, al\u00e9m de postagens em redes sociais na internet. Na quarta-feira, dia 21, cerca de 100 colegas de Luiz Felipe fizeram uma mobiliza\u00e7\u00e3o no bairro da Estiva para divulgar o desaparecimento do amigo.<\/p>\n","protected":false},"excerpt":{"rendered":"","protected":false},"author":1,"featured_media":6770,"comment_status":"open","ping_status":"open","sticky":false,"template":"","format":"standard","meta":{"footnotes":""},"categories":[7],"tags":[],"class_list":["post-6769","post","type-post","status-publish","format-standard","has-post-thumbnail","hentry","category-reportagem"],"_links":{"self":[{"href":"https:\/\/www.jornalcontato.com.br\/home\/index.php\/wp-json\/wp\/v2\/posts\/6769","targetHints":{"allow":["GET"]}}],"collection":[{"href":"https:\/\/www.jornalcontato.com.br\/home\/index.php\/wp-json\/wp\/v2\/posts"}],"about":[{"href":"https:\/\/www.jornalcontato.com.br\/home\/index.php\/wp-json\/wp\/v2\/types\/post"}],"author":[{"embeddable":true,"href":"https:\/\/www.jornalcontato.com.br\/home\/index.php\/wp-json\/wp\/v2\/users\/1"}],"replies":[{"embeddable":true,"href":"https:\/\/www.jornalcontato.com.br\/home\/index.php\/wp-json\/wp\/v2\/comments?post=6769"}],"version-history":[{"count":3,"href":"https:\/\/www.jornalcontato.com.br\/home\/index.php\/wp-json\/wp\/v2\/posts\/6769\/revisions"}],"predecessor-version":[{"id":6772,"href":"https:\/\/www.jornalcontato.com.br\/home\/index.php\/wp-json\/wp\/v2\/posts\/6769\/revisions\/6772"}],"wp:featuredmedia":[{"embeddable":true,"href":"https:\/\/www.jornalcontato.com.br\/home\/index.php\/wp-json\/wp\/v2\/media\/6770"}],"wp:attachment":[{"href":"https:\/\/www.jornalcontato.com.br\/home\/index.php\/wp-json\/wp\/v2\/media?parent=6769"}],"wp:term":[{"taxonomy":"category","embeddable":true,"href":"https:\/\/www.jornalcontato.com.br\/home\/index.php\/wp-json\/wp\/v2\/categories?post=6769"},{"taxonomy":"post_tag","embeddable":true,"href":"https:\/\/www.jornalcontato.com.br\/home\/index.php\/wp-json\/wp\/v2\/tags?post=6769"}],"curies":[{"name":"wp","href":"https:\/\/api.w.org\/{rel}","templated":true}]}}