{"id":6761,"date":"2013-08-21T17:30:49","date_gmt":"2013-08-21T20:30:49","guid":{"rendered":"http:\/\/jornalcontato.com.br\/home\/?p=6761"},"modified":"2016-04-06T15:18:56","modified_gmt":"2016-04-06T18:18:56","slug":"reflexo-da-cassacao-oposicao-protocola-pedido-de-comissao-processante-contra-ortiz-jr","status":"publish","type":"post","link":"https:\/\/www.jornalcontato.com.br\/home\/index.php\/reflexo-da-cassacao-oposicao-protocola-pedido-de-comissao-processante-contra-ortiz-jr\/","title":{"rendered":"Reflexo da cassa\u00e7\u00e3o: oposi\u00e7\u00e3o protocola pedido de Comiss\u00e3o Processante contra Ortiz"},"content":{"rendered":"<p>Nesta quarta-feira, dia 21, o vereador oposicionista Salvador Soares (PT) protocolou pedido de abertura de Comiss\u00e3o Processante contra o prefeito Ortiz J\u00fanior (PSDB) por infra\u00e7\u00e3o pol\u00edtico-administrativa. O petista usou a senten\u00e7a da Ju\u00edza Eleitoral Sueli Zeraik Armani, que cassou o mandato e dos direitos pol\u00edticos de Ortiz J\u00fanior (PSDB) por suposto abuso do poder econ\u00f4mico nas elei\u00e7\u00f5es de 2012, para levar adiante sua proposta.<\/p>\n<p>No documento protocolado, o vereador petista argumenta que a infra\u00e7\u00e3o pol\u00edtico-administrativa foi \u201cconsubstanciada em sua conduta\u00a0externada na senten\u00e7a proferida nos autos da A\u00e7\u00e3o de Investiga\u00e7\u00e3o Judicial Eleitoral, proposta pelo Minist\u00e9rio P\u00fablico Eleitoral, evidenciando a participa\u00e7\u00e3o do denunciado em seri\u00edssimos atos de fraude em licita\u00e7\u00f5es; participa\u00e7\u00e3o ativa na forma\u00e7\u00e3o de cartel, forma\u00e7\u00e3o de quadrilha; abuso do poder pol\u00edtico e econ\u00f4mico\u201d.<\/p>\n<p>O pedido de Comiss\u00e3o Processante ser\u00e1 lido na sess\u00e3o ordin\u00e1ria de 28 de agosto. Para ser aprovado, precisa receber o voto da maioria simples (50% mais um dos vereadores presentes \u00e0 sess\u00e3o). Se for instaurado, o procedimento dar\u00e1 a oportunidade para o prefeito se defender e, ao final, os vereadores decidem pela cassa\u00e7\u00e3o ou n\u00e3o do mandato de Ortiz J\u00fanior (PSDB).<\/p>\n<p>&nbsp;<\/p>\n","protected":false},"excerpt":{"rendered":"<p>Nesta quarta-feira, dia 21, o vereador oposicionista Salvador Soares (PT) protocolou pedido de abertura de Comiss\u00e3o Processante contra o prefeito Ortiz J\u00fanior (PSDB) por infra\u00e7\u00e3o &#8230;<\/p>\n","protected":false},"author":1,"featured_media":6762,"comment_status":"open","ping_status":"open","sticky":false,"template":"","format":"standard","meta":{"footnotes":""},"categories":[29,7],"tags":[],"class_list":["post-6761","post","type-post","status-publish","format-standard","has-post-thumbnail","hentry","category-regional","category-reportagem"],"_links":{"self":[{"href":"https:\/\/www.jornalcontato.com.br\/home\/index.php\/wp-json\/wp\/v2\/posts\/6761","targetHints":{"allow":["GET"]}}],"collection":[{"href":"https:\/\/www.jornalcontato.com.br\/home\/index.php\/wp-json\/wp\/v2\/posts"}],"about":[{"href":"https:\/\/www.jornalcontato.com.br\/home\/index.php\/wp-json\/wp\/v2\/types\/post"}],"author":[{"embeddable":true,"href":"https:\/\/www.jornalcontato.com.br\/home\/index.php\/wp-json\/wp\/v2\/users\/1"}],"replies":[{"embeddable":true,"href":"https:\/\/www.jornalcontato.com.br\/home\/index.php\/wp-json\/wp\/v2\/comments?post=6761"}],"version-history":[{"count":7,"href":"https:\/\/www.jornalcontato.com.br\/home\/index.php\/wp-json\/wp\/v2\/posts\/6761\/revisions"}],"predecessor-version":[{"id":11085,"href":"https:\/\/www.jornalcontato.com.br\/home\/index.php\/wp-json\/wp\/v2\/posts\/6761\/revisions\/11085"}],"wp:featuredmedia":[{"embeddable":true,"href":"https:\/\/www.jornalcontato.com.br\/home\/index.php\/wp-json\/wp\/v2\/media\/6762"}],"wp:attachment":[{"href":"https:\/\/www.jornalcontato.com.br\/home\/index.php\/wp-json\/wp\/v2\/media?parent=6761"}],"wp:term":[{"taxonomy":"category","embeddable":true,"href":"https:\/\/www.jornalcontato.com.br\/home\/index.php\/wp-json\/wp\/v2\/categories?post=6761"},{"taxonomy":"post_tag","embeddable":true,"href":"https:\/\/www.jornalcontato.com.br\/home\/index.php\/wp-json\/wp\/v2\/tags?post=6761"}],"curies":[{"name":"wp","href":"https:\/\/api.w.org\/{rel}","templated":true}]}}