{"id":650,"date":"2012-06-25T16:08:13","date_gmt":"2012-06-25T19:08:13","guid":{"rendered":"http:\/\/jornalcontato.com.br\/home\/?p=650"},"modified":"2012-08-17T16:08:38","modified_gmt":"2012-08-17T19:08:38","slug":"combate-as-drogas","status":"publish","type":"post","link":"https:\/\/www.jornalcontato.com.br\/home\/index.php\/combate-as-drogas\/","title":{"rendered":"Combate \u00e0s drogas"},"content":{"rendered":"<div>Come\u00e7ou hoje, dia 25, a Campanha Educativa de Conscientiza\u00e7\u00e3o de Preven\u00e7\u00e3o ao Uso de Drogas e Tratamento. O evento ser\u00e1 realizado at\u00e9 o dia 29 na Pra\u00e7a Dom Epaminondas, das 9h \u00e0s 16h, como espa\u00e7o para entidades divulgarem seus trabalhos de preven\u00e7\u00e3o e tratamento da depend\u00eancia qu\u00edmica. No decorrer da semana, haver\u00e1 panfletagem, atividades esportivas e recreativas, oficinas de artes e\u00a0 presta\u00e7\u00e3o de servi\u00e7os como corte de cabelo, manicure, aferi\u00e7\u00e3o da Press\u00e3o Arterial e teste de glicemia.<\/div>\n<div>\u00a0J\u00e1 nos dia 28 e 29 de junho, a Rede Social de Taubat\u00e9 e Regi\u00e3o realiza dois f\u00f3runs na semana Internacional de Combate \u00e0s Drogas. Trata-se de uma iniciativa que visa estimular a comunidade para a reflex\u00e3o e a participa\u00e7\u00e3o em a\u00e7\u00f5es voltadas para a formula\u00e7\u00e3o de pol\u00edticas p\u00fablicas condizentes a realidade da demanda local.<\/p>\n<p>Dia 28 &#8211; das 19h \u00e0s 22h &#8211; F\u00f3rum Interfaces no Manejo de Combate \u00e0s Drogas. Presen\u00e7a do promotor Dr. Paulo de Palma. Na ocasi\u00e3o, ser\u00e3o discutidas as quest\u00f5es pertinentes \u00e0s pol\u00edticas p\u00fablicas e a rede de atendimento no munic\u00edpio de Taubat\u00e9. Tem como proponente o Conselho Municipal Anti Drogas.<\/p>\n<p>Dia 29 &#8211; das 19h \u00e0s 22h &#8211; F\u00f3rum Drogadi\u00e7\u00e3o: Debater, Propor para Garantir os Direitos Humanos de Crian\u00e7as e Adolescentes, que visa discutir a garantia dos direitos da crian\u00e7a e do adolescente e formatar propostas para este segmento condizentes com a realidade municipal. O proponente deste evento \u00e9 o Conselho Municipal dos Direitos da Crian\u00e7a e do Adolescente.<\/p>\n<p>As inscri\u00e7\u00f5es devem ser realizadas pelo telefone (12) 2125-6099. O investimento \u00e9 gratuito e as<br \/>\nvagas s\u00e3o limitadas. Os f\u00f3runs ser\u00e3o realizados na unidade do Senac Taubat\u00e9 situada a rua Prof\u00ba<br \/>\nNelson Freire Campello, 202, Jd. Eul\u00e1lia, Taubat\u00e9\/SP.<\/p><\/div>\n","protected":false},"excerpt":{"rendered":"<p>Come\u00e7ou hoje, dia 25, a Campanha Educativa de Conscientiza\u00e7\u00e3o de Preven\u00e7\u00e3o ao Uso de Drogas e Tratamento. O evento ser\u00e1 realizado at\u00e9 o dia 29 &#8230;<\/p>\n","protected":false},"author":1,"featured_media":0,"comment_status":"open","ping_status":"open","sticky":false,"template":"","format":"standard","meta":{"footnotes":""},"categories":[7],"tags":[],"class_list":["post-650","post","type-post","status-publish","format-standard","hentry","category-reportagem"],"_links":{"self":[{"href":"https:\/\/www.jornalcontato.com.br\/home\/index.php\/wp-json\/wp\/v2\/posts\/650","targetHints":{"allow":["GET"]}}],"collection":[{"href":"https:\/\/www.jornalcontato.com.br\/home\/index.php\/wp-json\/wp\/v2\/posts"}],"about":[{"href":"https:\/\/www.jornalcontato.com.br\/home\/index.php\/wp-json\/wp\/v2\/types\/post"}],"author":[{"embeddable":true,"href":"https:\/\/www.jornalcontato.com.br\/home\/index.php\/wp-json\/wp\/v2\/users\/1"}],"replies":[{"embeddable":true,"href":"https:\/\/www.jornalcontato.com.br\/home\/index.php\/wp-json\/wp\/v2\/comments?post=650"}],"version-history":[{"count":1,"href":"https:\/\/www.jornalcontato.com.br\/home\/index.php\/wp-json\/wp\/v2\/posts\/650\/revisions"}],"predecessor-version":[{"id":652,"href":"https:\/\/www.jornalcontato.com.br\/home\/index.php\/wp-json\/wp\/v2\/posts\/650\/revisions\/652"}],"wp:attachment":[{"href":"https:\/\/www.jornalcontato.com.br\/home\/index.php\/wp-json\/wp\/v2\/media?parent=650"}],"wp:term":[{"taxonomy":"category","embeddable":true,"href":"https:\/\/www.jornalcontato.com.br\/home\/index.php\/wp-json\/wp\/v2\/categories?post=650"},{"taxonomy":"post_tag","embeddable":true,"href":"https:\/\/www.jornalcontato.com.br\/home\/index.php\/wp-json\/wp\/v2\/tags?post=650"}],"curies":[{"name":"wp","href":"https:\/\/api.w.org\/{rel}","templated":true}]}}