{"id":6405,"date":"2013-07-29T16:08:56","date_gmt":"2013-07-29T19:08:56","guid":{"rendered":"http:\/\/jornalcontato.com.br\/home\/?p=6405"},"modified":"2013-07-29T16:08:56","modified_gmt":"2013-07-29T19:08:56","slug":"lula-e-eleito-o-politico-mais-corrupto-de-2012","status":"publish","type":"post","link":"https:\/\/www.jornalcontato.com.br\/home\/index.php\/lula-e-eleito-o-politico-mais-corrupto-de-2012\/","title":{"rendered":"Lula \u00e9 eleito o pol\u00edtico mais corrupto de 2012"},"content":{"rendered":"<p><!--more--><\/p>\n<p>Foto Divulga\u00e7\u00e3o<\/p>\n<p>Luiz In\u00e1cio Lula da Silva (PT) foi contemplado como o pol\u00edtico mais corrupto de 2012 ganhando medalha de ouro em vota\u00e7\u00e3o organizada pelo movimento anti-corrup\u00e7\u00e3o denominado &#8220;31 de Julho&#8221;. O p\u00fablico p\u00f4de votar na rede social Facebook no pr\u00eamio \u201cAlgemas de Ouro\u201d. O resultado pode ter sido influenciado pelo julgamento do processo do mensal\u00e3o. Na esteira deste esc\u00e2ndalo, o publicit\u00e1rio Marcos Val\u00e9rio acusou Lula de ter usado dinheiro do esquema para gastos pessoais. Lula obteve 66% dos votos, totalizando 14.547 sufr\u00e1gios.<\/p>\n<p>Em segundo lugar encontra-se Dem\u00f3stenes Torres (DEM) com 22% dos votos. O ex-senador foi cassado por liga\u00e7\u00e3o com o bicheiro Carlinhos Cachoeira, preso na Opera\u00e7\u00e3o Monte Carlo.<\/p>\n<p>S\u00e9rgio Cabral (PMDB), que foi alvo de intensas cr\u00edticas durante a Jornada Mundial da Juventude, assumiu o terceiro lugar no p\u00f3dio dos corruptos.<\/p>\n<p>Os organizadores da vota\u00e7\u00e3o tiveram problemas\u00a0devido \u00e0s den\u00fancias de suposta fraudes na vota\u00e7\u00e3o, que levou \u00e0 anula\u00e7\u00e3o de cerca de 9 mil votos.<\/p>\n<p>Na edi\u00e7\u00e3o de 2011 Jos\u00e9 Dirceu (PT), mandat\u00e1rio do mensal\u00e3o, conquistou a medalha de prata ficando atr\u00e1s apenas do senador Jos\u00e9 Sarney (PMDB).<\/p>\n","protected":false},"excerpt":{"rendered":"","protected":false},"author":1,"featured_media":6407,"comment_status":"open","ping_status":"open","sticky":false,"template":"","format":"standard","meta":{"footnotes":""},"categories":[7],"tags":[],"class_list":["post-6405","post","type-post","status-publish","format-standard","has-post-thumbnail","hentry","category-reportagem"],"_links":{"self":[{"href":"https:\/\/www.jornalcontato.com.br\/home\/index.php\/wp-json\/wp\/v2\/posts\/6405","targetHints":{"allow":["GET"]}}],"collection":[{"href":"https:\/\/www.jornalcontato.com.br\/home\/index.php\/wp-json\/wp\/v2\/posts"}],"about":[{"href":"https:\/\/www.jornalcontato.com.br\/home\/index.php\/wp-json\/wp\/v2\/types\/post"}],"author":[{"embeddable":true,"href":"https:\/\/www.jornalcontato.com.br\/home\/index.php\/wp-json\/wp\/v2\/users\/1"}],"replies":[{"embeddable":true,"href":"https:\/\/www.jornalcontato.com.br\/home\/index.php\/wp-json\/wp\/v2\/comments?post=6405"}],"version-history":[{"count":2,"href":"https:\/\/www.jornalcontato.com.br\/home\/index.php\/wp-json\/wp\/v2\/posts\/6405\/revisions"}],"predecessor-version":[{"id":6410,"href":"https:\/\/www.jornalcontato.com.br\/home\/index.php\/wp-json\/wp\/v2\/posts\/6405\/revisions\/6410"}],"wp:featuredmedia":[{"embeddable":true,"href":"https:\/\/www.jornalcontato.com.br\/home\/index.php\/wp-json\/wp\/v2\/media\/6407"}],"wp:attachment":[{"href":"https:\/\/www.jornalcontato.com.br\/home\/index.php\/wp-json\/wp\/v2\/media?parent=6405"}],"wp:term":[{"taxonomy":"category","embeddable":true,"href":"https:\/\/www.jornalcontato.com.br\/home\/index.php\/wp-json\/wp\/v2\/categories?post=6405"},{"taxonomy":"post_tag","embeddable":true,"href":"https:\/\/www.jornalcontato.com.br\/home\/index.php\/wp-json\/wp\/v2\/tags?post=6405"}],"curies":[{"name":"wp","href":"https:\/\/api.w.org\/{rel}","templated":true}]}}