{"id":6395,"date":"2013-07-25T19:44:02","date_gmt":"2013-07-25T22:44:02","guid":{"rendered":"http:\/\/jornalcontato.com.br\/home\/?p=6395"},"modified":"2013-08-05T09:19:33","modified_gmt":"2013-08-05T12:19:33","slug":"edicao-605-do-jornal-contato","status":"publish","type":"post","link":"https:\/\/www.jornalcontato.com.br\/home\/index.php\/edicao-605-do-jornal-contato\/","title":{"rendered":"Edi\u00e7\u00e3o 605 do Jornal CONTATO"},"content":{"rendered":"<p style=\"text-align: center;\"><strong><!--more-->Confira os temperos de Tia Anast\u00e1cia para a edi\u00e7\u00e3o 605 do Jornal CONTATO\u00a0<\/strong><\/p>\n<p><strong>Irm\u00e3o problema?<\/strong><\/p>\n<p>A poss\u00edvel candidatura a deputado estadual de Diego Ortiz, irm\u00e3o do prefeito, tem causado embara\u00e7os a Ortiz J\u00fanior (PSDB). O jornal\u00e3o de S\u00e3o Jos\u00e9 afirmou que a nomea\u00e7\u00e3o da cunhada de Padre Afonso (PV) na secretaria de Meio Ambiente da Prefeitura de Taubat\u00e9, com sal\u00e1rio superior a R$ 7 mil, estaria vinculada \u00e0 dobradinha Diego Ortiz\/Padre Afonso nas elei\u00e7\u00f5es de 2014.<\/p>\n<p><strong>Diego jura que n\u00e3o&#8230;<\/strong><\/p>\n<p>Para o sobrinho predileto de Tia Anast\u00e1cia, Diego Ortiz jurou de p\u00e9 juntos que n\u00e3o existe nenhuma possibilidade de compor com o grupo de Padre Afonso (PV). Raz\u00e3o: \u00e9 muito grande a rejei\u00e7\u00e3o do padre deputado no grupo que circula em volta da fam\u00edlia Ortiz. \u201cS\u00f3 o tempo dir\u00e1\u201d, filosofa a veneranda senhora.<\/p>\n<p><strong>Rejei\u00e7\u00e3o<\/strong><\/p>\n<p>Diego Ortiz procurou alguns vereadores para obter apoios para 2014 e descobriu que a\u00a0 rejei\u00e7\u00e3o ao padre-deputado na C\u00e2mara Municipal de Taubat\u00e9 \u00e9 maior ainda. Oremos!!!<\/p>\n<p><strong>Insatisfa\u00e7\u00e3o <\/strong><\/p>\n<p>\u00c9 vis\u00edvel que os vereadores da base aliada do prefeito est\u00e3o cada vez mais incomodados com a candidatura do irm\u00e3o do prefeito. Diego estaria arregimentando apoio junto \u00e0s comunidades promovendo as associa\u00e7\u00f5es de bairros e articulando projetos sociais em determinados lugares.<\/p>\n<p><strong>Insatisfa\u00e7\u00e3o 2<\/strong><\/p>\n<p>Na reuni\u00e3o no SEDES, os vereadores teriam dito que o prefeito d\u00e1 muita moral para as associa\u00e7\u00f5es de bairros &#8211; onde Diego Ortiz t\u00eam atuado &#8211; em detrimento da base aliada. \u201cIsso n\u00e3o vai acabar bem\u201d, pensa em voz alta Tia Anast\u00e1cia.<\/p>\n<p><strong>Insatisfa\u00e7\u00e3o 3<\/strong><\/p>\n<p>Um vereador da base aliada pergunta: \u201cSe ele procurar algum empres\u00e1rio para pedir dinheiro para a campanha, quem vai recusar ajuda para o irm\u00e3o do prefeito?\u201d.<\/p>\n<p><strong>Insatisfa\u00e7\u00e3o 4<\/strong><\/p>\n<p>Cresce tamb\u00e9m no poder Legislativo o desagrado com os rumos do governo de Ortiz J\u00fanior (PSDB). Vereadores da base aliada t\u00eam sido pressionados pela popula\u00e7\u00e3o para viabilizar obras e melhorias para os bairros, mas o Pal\u00e1cio Bom Conselho n\u00e3o responde e n\u00e3o atende.<\/p>\n<p><strong>Insatisfa\u00e7\u00e3o 5<\/strong><\/p>\n<p>Vereador Dig\u00e3o (PSDB), presidente do PSDB de Taubat\u00e9, disse recentemente \u00e0 imprensa que n\u00e3o tem mais desculpa: para o tamb\u00e9m tucano, o tempo da heran\u00e7a maldita acabou. Em outras palavras, n\u00e3o d\u00e1 mais para Ortiz J\u00fanior (PSDB) jogar a culpa no governo passado.<\/p>\n<p><strong>Insatisfa\u00e7\u00e3o 6<\/strong><\/p>\n<p>H\u00e1 cerca de 20 dias, o prefeito promoveu mais uma reuni\u00e3o com a base aliada no SEDES para conversar sobre os rumos da cidade. Neste encontro, apenas 9 vereadores da base aliada estiveram presentes. \u201cVixi, com esse n\u00edvel de ades\u00e3o \u00a0o prefeito n\u00e3o aprova nada na C\u00e2mara\u201d, comenta Tia Anast\u00e1cia.<\/p>\n<p><a href=\"http:\/\/jornalcontato.com.br\/home\/wp-content\/uploads\/2013\/07\/605capa.jpg\"><img loading=\"lazy\" decoding=\"async\" class=\"aligncenter size-medium wp-image-6396\" title=\"605capa\" src=\"http:\/\/jornalcontato.com.br\/home\/wp-content\/uploads\/2013\/07\/605capa-300x253.jpg\" alt=\"\" width=\"300\" height=\"253\" srcset=\"https:\/\/jornalcontato.com.br\/home\/wp-content\/uploads\/2013\/07\/605capa-300x253.jpg 300w, https:\/\/jornalcontato.com.br\/home\/wp-content\/uploads\/2013\/07\/605capa.jpg 355w\" sizes=\"auto, (max-width: 300px) 100vw, 300px\" \/><\/a><\/p>\n","protected":false},"excerpt":{"rendered":"","protected":false},"author":1,"featured_media":6397,"comment_status":"open","ping_status":"open","sticky":false,"template":"","format":"standard","meta":{"footnotes":""},"categories":[7],"tags":[],"class_list":["post-6395","post","type-post","status-publish","format-standard","has-post-thumbnail","hentry","category-reportagem"],"_links":{"self":[{"href":"https:\/\/www.jornalcontato.com.br\/home\/index.php\/wp-json\/wp\/v2\/posts\/6395","targetHints":{"allow":["GET"]}}],"collection":[{"href":"https:\/\/www.jornalcontato.com.br\/home\/index.php\/wp-json\/wp\/v2\/posts"}],"about":[{"href":"https:\/\/www.jornalcontato.com.br\/home\/index.php\/wp-json\/wp\/v2\/types\/post"}],"author":[{"embeddable":true,"href":"https:\/\/www.jornalcontato.com.br\/home\/index.php\/wp-json\/wp\/v2\/users\/1"}],"replies":[{"embeddable":true,"href":"https:\/\/www.jornalcontato.com.br\/home\/index.php\/wp-json\/wp\/v2\/comments?post=6395"}],"version-history":[{"count":3,"href":"https:\/\/www.jornalcontato.com.br\/home\/index.php\/wp-json\/wp\/v2\/posts\/6395\/revisions"}],"predecessor-version":[{"id":6399,"href":"https:\/\/www.jornalcontato.com.br\/home\/index.php\/wp-json\/wp\/v2\/posts\/6395\/revisions\/6399"}],"wp:featuredmedia":[{"embeddable":true,"href":"https:\/\/www.jornalcontato.com.br\/home\/index.php\/wp-json\/wp\/v2\/media\/6397"}],"wp:attachment":[{"href":"https:\/\/www.jornalcontato.com.br\/home\/index.php\/wp-json\/wp\/v2\/media?parent=6395"}],"wp:term":[{"taxonomy":"category","embeddable":true,"href":"https:\/\/www.jornalcontato.com.br\/home\/index.php\/wp-json\/wp\/v2\/categories?post=6395"},{"taxonomy":"post_tag","embeddable":true,"href":"https:\/\/www.jornalcontato.com.br\/home\/index.php\/wp-json\/wp\/v2\/tags?post=6395"}],"curies":[{"name":"wp","href":"https:\/\/api.w.org\/{rel}","templated":true}]}}