{"id":6384,"date":"2013-07-25T16:27:31","date_gmt":"2013-07-25T19:27:31","guid":{"rendered":"http:\/\/jornalcontato.com.br\/home\/?p=6384"},"modified":"2013-08-05T09:19:32","modified_gmt":"2013-08-05T12:19:32","slug":"criado-o-conjunto-musical-de-taubate","status":"publish","type":"post","link":"https:\/\/www.jornalcontato.com.br\/home\/index.php\/criado-o-conjunto-musical-de-taubate\/","title":{"rendered":"Taubat\u00e9 cria Conjunto Musical"},"content":{"rendered":"<p><!--more--><em>Por Karolina Alvarenga (texto e fotos)\u00a0<\/em><\/p>\n<p>Com a publica\u00e7\u00e3o dos Decretos 13066 e 13065, no dia 23 de julho, foi dado o primeiro passo para cria\u00e7\u00e3o do Conjunto Musical de Taubat\u00e9, formada por Orquestra Sinf\u00f4nica, a Camerata Infanto-Juvenil e a Banda Sinf\u00f4nica, junto com o Opus Quinteto Cidade de Taubat\u00e9. Tudo ser\u00e1 feito em parceria com a Escola Maestro F\u00eago Camargo.<\/p>\n<p><strong>Prepara\u00e7\u00e3o<\/strong><\/p>\n<p>Os ensaios da Orquestra e da Banda j\u00e1 ocorrem no Teatro Metr\u00f3pole todas as quintas-feiras, das 14h \u00e0s 22h, como mostram as fotos feitas nesta quinta-feira, dia 25. Est\u00e3o envolvidos com este projeto dois maestros titulares e um regente na Banda e Orquestra, sendo, respectivamente, Rog\u00e9rio Wanderley Brito, Enaldo Antonio James de Oliveira e Paulo Roberto Char\u00e3o.<\/p>\n<p><strong>Primeira apresenta\u00e7\u00e3o<\/strong><\/p>\n<p>A primeira apresenta\u00e7\u00e3o da Orquestra Sinf\u00f4nica Jovem ser\u00e1 no dia 02 de agosto, no Teatro Metr\u00f3pole. J\u00e1 a Banda Sinf\u00f4nica de Taubat\u00e9 ir\u00e1 se apresentar no dia 15 de agosto, quando o cantor l\u00edrico brasileiro Ricardo Teruma far\u00e1 sua primeira apresenta\u00e7\u00e3o no Brasil. Teruma \u00e9 brasileiro, mas se formou na Europa e fez diversas apresenta\u00e7\u00f5es pelo mundo afora, como em Nova Iorque e Berlim.<\/p>\n<p><strong>Fato social<\/strong><\/p>\n<p>Fil\u00f3sofo e educador da UNITAU, C\u00e9sar Augusto analisou a medida tomada pelo prefeito Ortiz J\u00fanior (PSDB). \u201cTradicionalmente a m\u00fasica erudita sempre foi oferecida para a elite da sociedade. Ela sempre foi associada aos bons costumes e disciplina\u201d, frisou C\u00e9sar.<\/p>\n<p>Outra quest\u00e3o que o especialista salientou \u00e9 a crise de civiliza\u00e7\u00e3o que a sociedade tem passado nos \u00faltimos tempos fez a juventude perder a quest\u00e3o dos valores e de respeito \u00e0 autoridade. No caso do projeto musical, ele pode resgatar os valores. \u201c\u00c9 muito coerente ele [o prefeito] incentivar a m\u00fasica erudita nas escolas, pois resgatam nos alunos os valores, a disciplina, respeito, autoridade e aten\u00e7\u00e3o\u201d, disse.<\/p>\n<p>Para o especialista, inserir este tipo de m\u00fasica nas escolas \u00e9 algo positivo. Por\u00e9m, n\u00e3o \u00e9 uma \u2018m\u00e1gica\u2019, faz-se necess\u00e1rio ter investimentos e qualidade de material. \u201cOs professores tem que ser muito bem qualificados, mas n\u00e3o \u00e9 s\u00f3 isso. Deve-se ter um espa\u00e7o adequado, material de qualidade. Acredito que essa medida beneficiar\u00e1 jovens e crian\u00e7as a n\u00e3o se envolverem com as drogas e as afastam da viol\u00eancia\u201d, concluiu.<\/p>\n<p><a href=\"http:\/\/jornalcontato.com.br\/home\/wp-content\/uploads\/2013\/07\/DSC_5243.jpg\"><img loading=\"lazy\" decoding=\"async\" class=\"aligncenter size-medium wp-image-6386\" title=\"DSC_5243\" src=\"http:\/\/jornalcontato.com.br\/home\/wp-content\/uploads\/2013\/07\/DSC_5243-199x300.jpg\" alt=\"\" width=\"199\" height=\"300\" srcset=\"https:\/\/jornalcontato.com.br\/home\/wp-content\/uploads\/2013\/07\/DSC_5243-199x300.jpg 199w, https:\/\/jornalcontato.com.br\/home\/wp-content\/uploads\/2013\/07\/DSC_5243-682x1024.jpg 682w, https:\/\/jornalcontato.com.br\/home\/wp-content\/uploads\/2013\/07\/DSC_5243.jpg 737w\" sizes=\"auto, (max-width: 199px) 100vw, 199px\" \/><\/a><\/p>\n<p><a href=\"http:\/\/jornalcontato.com.br\/home\/wp-content\/uploads\/2013\/07\/DSC_52521.jpg\"><img loading=\"lazy\" decoding=\"async\" class=\"aligncenter size-medium wp-image-6388\" title=\"DSC_5252\" src=\"http:\/\/jornalcontato.com.br\/home\/wp-content\/uploads\/2013\/07\/DSC_52521-245x300.jpg\" alt=\"\" width=\"245\" height=\"300\" srcset=\"https:\/\/jornalcontato.com.br\/home\/wp-content\/uploads\/2013\/07\/DSC_52521-245x300.jpg 245w, https:\/\/jornalcontato.com.br\/home\/wp-content\/uploads\/2013\/07\/DSC_52521.jpg 737w\" sizes=\"auto, (max-width: 245px) 100vw, 245px\" \/><\/a><\/p>\n<p><a href=\"http:\/\/jornalcontato.com.br\/home\/wp-content\/uploads\/2013\/07\/DSC_5250.jpg\"><img loading=\"lazy\" decoding=\"async\" class=\"aligncenter size-medium wp-image-6389\" title=\"DSC_5250\" src=\"http:\/\/jornalcontato.com.br\/home\/wp-content\/uploads\/2013\/07\/DSC_5250-199x300.jpg\" alt=\"\" width=\"199\" height=\"300\" srcset=\"https:\/\/jornalcontato.com.br\/home\/wp-content\/uploads\/2013\/07\/DSC_5250-199x300.jpg 199w, https:\/\/jornalcontato.com.br\/home\/wp-content\/uploads\/2013\/07\/DSC_5250-682x1024.jpg 682w, https:\/\/jornalcontato.com.br\/home\/wp-content\/uploads\/2013\/07\/DSC_5250.jpg 737w\" sizes=\"auto, (max-width: 199px) 100vw, 199px\" \/><\/a><\/p>\n<p><a href=\"http:\/\/jornalcontato.com.br\/home\/wp-content\/uploads\/2013\/07\/DSC_5245.jpg\"><img loading=\"lazy\" decoding=\"async\" class=\"aligncenter size-medium wp-image-6390\" title=\"DSC_5245\" src=\"http:\/\/jornalcontato.com.br\/home\/wp-content\/uploads\/2013\/07\/DSC_5245-300x199.jpg\" alt=\"\" width=\"300\" height=\"199\" srcset=\"https:\/\/jornalcontato.com.br\/home\/wp-content\/uploads\/2013\/07\/DSC_5245-300x199.jpg 300w, https:\/\/jornalcontato.com.br\/home\/wp-content\/uploads\/2013\/07\/DSC_5245-1024x682.jpg 1024w, https:\/\/jornalcontato.com.br\/home\/wp-content\/uploads\/2013\/07\/DSC_5245.jpg 1106w\" sizes=\"auto, (max-width: 300px) 100vw, 300px\" \/><\/a><\/p>\n<p>&nbsp;<\/p>\n<p>&nbsp;<\/p>\n<p>&nbsp;<\/p>\n","protected":false},"excerpt":{"rendered":"","protected":false},"author":1,"featured_media":6385,"comment_status":"open","ping_status":"open","sticky":false,"template":"","format":"standard","meta":{"footnotes":""},"categories":[7],"tags":[],"class_list":["post-6384","post","type-post","status-publish","format-standard","has-post-thumbnail","hentry","category-reportagem"],"_links":{"self":[{"href":"https:\/\/www.jornalcontato.com.br\/home\/index.php\/wp-json\/wp\/v2\/posts\/6384","targetHints":{"allow":["GET"]}}],"collection":[{"href":"https:\/\/www.jornalcontato.com.br\/home\/index.php\/wp-json\/wp\/v2\/posts"}],"about":[{"href":"https:\/\/www.jornalcontato.com.br\/home\/index.php\/wp-json\/wp\/v2\/types\/post"}],"author":[{"embeddable":true,"href":"https:\/\/www.jornalcontato.com.br\/home\/index.php\/wp-json\/wp\/v2\/users\/1"}],"replies":[{"embeddable":true,"href":"https:\/\/www.jornalcontato.com.br\/home\/index.php\/wp-json\/wp\/v2\/comments?post=6384"}],"version-history":[{"count":4,"href":"https:\/\/www.jornalcontato.com.br\/home\/index.php\/wp-json\/wp\/v2\/posts\/6384\/revisions"}],"predecessor-version":[{"id":6392,"href":"https:\/\/www.jornalcontato.com.br\/home\/index.php\/wp-json\/wp\/v2\/posts\/6384\/revisions\/6392"}],"wp:featuredmedia":[{"embeddable":true,"href":"https:\/\/www.jornalcontato.com.br\/home\/index.php\/wp-json\/wp\/v2\/media\/6385"}],"wp:attachment":[{"href":"https:\/\/www.jornalcontato.com.br\/home\/index.php\/wp-json\/wp\/v2\/media?parent=6384"}],"wp:term":[{"taxonomy":"category","embeddable":true,"href":"https:\/\/www.jornalcontato.com.br\/home\/index.php\/wp-json\/wp\/v2\/categories?post=6384"},{"taxonomy":"post_tag","embeddable":true,"href":"https:\/\/www.jornalcontato.com.br\/home\/index.php\/wp-json\/wp\/v2\/tags?post=6384"}],"curies":[{"name":"wp","href":"https:\/\/api.w.org\/{rel}","templated":true}]}}