{"id":6185,"date":"2013-07-16T10:54:47","date_gmt":"2013-07-16T13:54:47","guid":{"rendered":"http:\/\/jornalcontato.com.br\/home\/?p=6185"},"modified":"2013-08-05T09:18:27","modified_gmt":"2013-08-05T12:18:27","slug":"apos-saida-do-palacio-bom-conselho-roberto-peixoto-so-topa-entrevista-chapa-branca","status":"publish","type":"post","link":"https:\/\/www.jornalcontato.com.br\/home\/index.php\/apos-saida-do-palacio-bom-conselho-roberto-peixoto-so-topa-entrevista-chapa-branca\/","title":{"rendered":"Roberto Peixoto reaparece e s\u00f3 fala com imprensa &#8220;amiga&#8221;"},"content":{"rendered":"<p><!--more--><\/p>\n<p>Por Marcos Lim\u00e3o \/ Foto arquivo Jornal CONTATO<\/p>\n<p>Sete meses depois de sair do Pal\u00e1cio Bom Conselho, o ex-prefeito Roberto Peixoto concedeu sua primeira entrevista. Foi na sexta-feira, dia 12, para a TV Cidade, uma televis\u00e3o comunit\u00e1ria sediada em Taubat\u00e9. Antes disso, a \u00fanica apari\u00e7\u00e3o dele tinha sido no vel\u00f3rio do ex-vereador Rodson Lima na C\u00e2mara Municipal, realizado em maio de 2013.<\/p>\n<p>CONTATO foi ao encontro de Roberto Peixoto no est\u00fadio da TV Cidade, mas ele se recusou a conceder uma entrevista. Preferiu as perguntas amigas \u00a0de um canal de televis\u00e3o que sempre esteve presente nos eventos oficiais do Governo Peixoto para propagandear. Nada mais previs\u00edvel. Afinal, o irm\u00e3o do respons\u00e1vel pelo canal comunit\u00e1rio era comissionado no governo do ent\u00e3o prefeito Roberto Peixoto (por certo per\u00edodo, o mano foi Presidente da Comiss\u00e3o de Licita\u00e7\u00f5es da Prefeitura de Taubat\u00e9).<\/p>\n<p>O v\u00eddeo est\u00e1 dispon\u00edvel abaixo para o internauta assistir e tirar suas pr\u00f3prias conclus\u00f5es. O microfone foi aberto e Roberto Peixoto falou o que quis. Em v\u00e1rios momentos da entrevista, disse que os casos de corrup\u00e7\u00e3o em seu governo &#8211;\u00a0que levaram o Minist\u00e9rio P\u00fablico Federal a denunciar o prefeito, a primeira-dama e os tr\u00eas filhos do casal por lavagem de dinheiro e forma\u00e7\u00e3o de quadrilha &#8211; s\u00e3o frutos de &#8220;tram\u00f3ia&#8221;. Falou de maneira gen\u00e9rica, sem dar nomes nem detalhes desta suposta trama.<\/p>\n<p>&#8220;Eu fui v\u00edtima em Taubat\u00e9. \u00c9 a primeira vez que eu estou dizendo isso&#8221;, declarou Roberto Peixoto. Pelo visto, a suposta conspira\u00e7\u00e3o pol\u00edtica tem sido o \u00fanico argumento encontrado pelo ex-prefeito para dar sentido ao seu ostracismo pol\u00edtico.<br \/>\n<iframe loading=\"lazy\" src=\"\/\/www.youtube.com\/embed\/6cxqYrsVuls\" frameborder=\"0\" width=\"420\" height=\"315\"><\/iframe><\/p>\n","protected":false},"excerpt":{"rendered":"","protected":false},"author":1,"featured_media":6186,"comment_status":"open","ping_status":"open","sticky":false,"template":"","format":"standard","meta":{"footnotes":""},"categories":[7],"tags":[],"class_list":["post-6185","post","type-post","status-publish","format-standard","has-post-thumbnail","hentry","category-reportagem"],"_links":{"self":[{"href":"https:\/\/www.jornalcontato.com.br\/home\/index.php\/wp-json\/wp\/v2\/posts\/6185","targetHints":{"allow":["GET"]}}],"collection":[{"href":"https:\/\/www.jornalcontato.com.br\/home\/index.php\/wp-json\/wp\/v2\/posts"}],"about":[{"href":"https:\/\/www.jornalcontato.com.br\/home\/index.php\/wp-json\/wp\/v2\/types\/post"}],"author":[{"embeddable":true,"href":"https:\/\/www.jornalcontato.com.br\/home\/index.php\/wp-json\/wp\/v2\/users\/1"}],"replies":[{"embeddable":true,"href":"https:\/\/www.jornalcontato.com.br\/home\/index.php\/wp-json\/wp\/v2\/comments?post=6185"}],"version-history":[{"count":8,"href":"https:\/\/www.jornalcontato.com.br\/home\/index.php\/wp-json\/wp\/v2\/posts\/6185\/revisions"}],"predecessor-version":[{"id":6189,"href":"https:\/\/www.jornalcontato.com.br\/home\/index.php\/wp-json\/wp\/v2\/posts\/6185\/revisions\/6189"}],"wp:featuredmedia":[{"embeddable":true,"href":"https:\/\/www.jornalcontato.com.br\/home\/index.php\/wp-json\/wp\/v2\/media\/6186"}],"wp:attachment":[{"href":"https:\/\/www.jornalcontato.com.br\/home\/index.php\/wp-json\/wp\/v2\/media?parent=6185"}],"wp:term":[{"taxonomy":"category","embeddable":true,"href":"https:\/\/www.jornalcontato.com.br\/home\/index.php\/wp-json\/wp\/v2\/categories?post=6185"},{"taxonomy":"post_tag","embeddable":true,"href":"https:\/\/www.jornalcontato.com.br\/home\/index.php\/wp-json\/wp\/v2\/tags?post=6185"}],"curies":[{"name":"wp","href":"https:\/\/api.w.org\/{rel}","templated":true}]}}