{"id":6175,"date":"2013-07-16T09:55:33","date_gmt":"2013-07-16T12:55:33","guid":{"rendered":"http:\/\/jornalcontato.com.br\/home\/?p=6175"},"modified":"2013-07-16T09:57:02","modified_gmt":"2013-07-16T12:57:02","slug":"festival-de-jazz-e-blues-em-taubate-nos-dias-19-20-e-21-de-julho","status":"publish","type":"post","link":"https:\/\/www.jornalcontato.com.br\/home\/index.php\/festival-de-jazz-e-blues-em-taubate-nos-dias-19-20-e-21-de-julho\/","title":{"rendered":"Festival de Jazz e Blues em Taubat\u00e9 nos dias 19, 20 e 21 de julho"},"content":{"rendered":"<p>Foto Divulga\u00e7\u00e3o<\/p>\n<p>Nos dias 19, 20 e 21 de julho, acontece na terra de Lobato a primeira edi\u00e7\u00e3o do \u201cTaubat\u00e9 Jazz and Blues\u201d. A programa\u00e7\u00e3o ser\u00e1 dividia entre a Pra\u00e7a Dom Epaminondas. O Mercado Municipal, Pra\u00e7a do Pilar, Largo do Ros\u00e1rio e o Distrito do Quiririm, onde ser\u00e1 o palco principal. Est\u00e3o programadas apresenta\u00e7\u00f5es de shows de bandas de blues e jazz e de m\u00fasicos influenciados por esses dois g\u00eaneros.<\/p>\n<p>O evento, realizado pela secretaria de Turismo e Cultura, faz parte de um projeto mais amplo de fomento \u00e0 cultura em Taubat\u00e9 por meio de festivais de grande porte com a presen\u00e7a de artistas da regi\u00e3o e de m\u00fasicos de renome nacional.<\/p>\n<p>Confira a programa\u00e7\u00e3o:<\/p>\n<p><strong>19\/07 \u2013 Sexta-Feira<\/strong><br \/>\n15h &#8211; Street Band \u201cMonte Alegre Jazz Band\u201d percorre as \u2018esta\u00e7\u00f5es\u2019 espalhadas pela cidade. Percurso: Largo do Ros\u00e1rio, Pra\u00e7a do Pilar, Mercado Municipal, Pra\u00e7a Dom Epaminondas<\/p>\n<p>17h \u2013 DJ Beto Kavalcante<br \/>\n17h30 \u2013 Social Jazz Club<br \/>\nLocal: Pra\u00e7a Dom Epaminondas<\/p>\n<p>19h \u2013 Ballet da Cidade + Orquestra de Jazz de Taubat\u00e9<br \/>\n20h &#8211; Bamuq Jazz Band \u2013 Taubat\u00e9<br \/>\n21h \u2013 Izzy Gordon e Banda<br \/>\n22h30 \u2013 Paulo Meyer &amp; The Thunderheads<br \/>\nLocal: Quiririm \u2013 Palco Principal<\/p>\n<p><strong>20\/07 \u2013 S\u00e1bado<\/strong><br \/>\n08h30 &#8211; Street Band \u201cMonte Alegre Jazz Band\u201d percorre as \u2018esta\u00e7\u00f5es\u2019 espalhadas pela cidade. Percurso: Largo do Ros\u00e1rio, Pra\u00e7a do Pilar, Mercado Municipal, Pra\u00e7a Dom Epaminondas.<\/p>\n<p>09h30 \u2013 DJ Beto Kavalcante<br \/>\n10h30 \u2013 Bamuq Jazz Band \u2013 Taubat\u00e9<br \/>\nLocal: Pra\u00e7a Dom Epaminondas<\/p>\n<p>15h \u2013 Bamuq Jazz Band \u2013 Taubat\u00e9<br \/>\n16h \u2013 Banda Blackomodoro<br \/>\n17h30 \u2013 Junior Meirelles (The Voice)<br \/>\nLocal: Quiririm &#8211; Palco P\u00f4r do Sol<\/p>\n<p>19h &#8211; Speakin Jazz Big Band<br \/>\n21h &#8211; Bira do J\u00f4 &amp; Banda BB Jazz<br \/>\n23h &#8211; Bocato &amp; Banda<br \/>\nLocal: Quiririm &#8211; Palco Principal<\/p>\n<p><strong>21\/07 \u2013 Domingo\u00a0<\/strong><br \/>\n15h \u2013 General Blues Band<br \/>\n16h \u2013 Banda Pedra de Nego<br \/>\n17h30 \u2013 Marcinho Eiras &amp; The You Guys<br \/>\nLocal: Quiririm &#8211; Palco Por do Sol<\/p>\n<p>19h \u2013 Traditional Jazz Band<br \/>\n21h \u2013 Misty &amp; Banda<br \/>\n23h \u2013 Bluesman J.J. Jackson &amp; Banda<br \/>\nLocal: Quiririm &#8211; Palco Principal<\/p>\n<p><strong>Programa\u00e7\u00e3o extra para Quiririm, nas tardes de s\u00e1bado e domingo:<\/strong><br \/>\n\u2022 CAAT \u2013 Clube dos Autom\u00f3veis Antigos de Taubat\u00e9<br \/>\n\u2022 Drag\u00f5es Moto Clube de Taubat\u00e9<br \/>\n\u2022 4X4 Distra\u00e7\u00e3o<\/p>\n","protected":false},"excerpt":{"rendered":"<p>Foto Divulga\u00e7\u00e3o Nos dias 19, 20 e 21 de julho, acontece na terra de Lobato a primeira edi\u00e7\u00e3o do \u201cTaubat\u00e9 Jazz and Blues\u201d. A programa\u00e7\u00e3o &#8230;<\/p>\n","protected":false},"author":1,"featured_media":6176,"comment_status":"open","ping_status":"open","sticky":false,"template":"","format":"standard","meta":{"footnotes":""},"categories":[7],"tags":[],"class_list":["post-6175","post","type-post","status-publish","format-standard","has-post-thumbnail","hentry","category-reportagem"],"_links":{"self":[{"href":"https:\/\/www.jornalcontato.com.br\/home\/index.php\/wp-json\/wp\/v2\/posts\/6175","targetHints":{"allow":["GET"]}}],"collection":[{"href":"https:\/\/www.jornalcontato.com.br\/home\/index.php\/wp-json\/wp\/v2\/posts"}],"about":[{"href":"https:\/\/www.jornalcontato.com.br\/home\/index.php\/wp-json\/wp\/v2\/types\/post"}],"author":[{"embeddable":true,"href":"https:\/\/www.jornalcontato.com.br\/home\/index.php\/wp-json\/wp\/v2\/users\/1"}],"replies":[{"embeddable":true,"href":"https:\/\/www.jornalcontato.com.br\/home\/index.php\/wp-json\/wp\/v2\/comments?post=6175"}],"version-history":[{"count":3,"href":"https:\/\/www.jornalcontato.com.br\/home\/index.php\/wp-json\/wp\/v2\/posts\/6175\/revisions"}],"predecessor-version":[{"id":6178,"href":"https:\/\/www.jornalcontato.com.br\/home\/index.php\/wp-json\/wp\/v2\/posts\/6175\/revisions\/6178"}],"wp:featuredmedia":[{"embeddable":true,"href":"https:\/\/www.jornalcontato.com.br\/home\/index.php\/wp-json\/wp\/v2\/media\/6176"}],"wp:attachment":[{"href":"https:\/\/www.jornalcontato.com.br\/home\/index.php\/wp-json\/wp\/v2\/media?parent=6175"}],"wp:term":[{"taxonomy":"category","embeddable":true,"href":"https:\/\/www.jornalcontato.com.br\/home\/index.php\/wp-json\/wp\/v2\/categories?post=6175"},{"taxonomy":"post_tag","embeddable":true,"href":"https:\/\/www.jornalcontato.com.br\/home\/index.php\/wp-json\/wp\/v2\/tags?post=6175"}],"curies":[{"name":"wp","href":"https:\/\/api.w.org\/{rel}","templated":true}]}}