{"id":6112,"date":"2013-07-11T13:50:44","date_gmt":"2013-07-11T16:50:44","guid":{"rendered":"http:\/\/jornalcontato.com.br\/home\/?p=6112"},"modified":"2013-07-11T13:55:43","modified_gmt":"2013-07-11T16:55:43","slug":"burro-da-central-estreia-na-copa-paulista-2013","status":"publish","type":"post","link":"https:\/\/www.jornalcontato.com.br\/home\/index.php\/burro-da-central-estreia-na-copa-paulista-2013\/","title":{"rendered":"Burro da Central estreia na Copa Paulista 2013"},"content":{"rendered":"<p align=\"center\"><strong><em>Esporte Clube Taubat\u00e9 aposta na Copa Paulista para se preparar para a s\u00e9rie A3 de 2014. O time v\u00ea como uma grande oportunidade de t\u00edtulo. Nesta nova fase o Burro da Central ter\u00e1 como novo t\u00e9cnico Jos\u00e9 Macena, que dar\u00e1 sequ\u00eancia ao projeto iniciado pelo t\u00e9cnico Paulinho McLaren.<\/em><\/strong><\/p>\n<p><strong>\u00a0<\/strong><\/p>\n<p>O Esporte Clube Taubat\u00e9 far\u00e1 sua estreia na Copa Paulista contra o EC Santo Andr\u00e9, no pr\u00f3ximo domingo, 14. O jogo ser\u00e1 no est\u00e1dio Joaquim de Moraes Filho \u2013 Joaquinz\u00e3o, \u00e0s 10h da manh\u00e3.<\/p>\n<p>A grande novidade desta primeira rodada \u00e9 a presen\u00e7a do novo t\u00e9cnico do time, Macena, que pela primeira vez \u00a0ir\u00e1 comandar o ECT, ap\u00f3s a sa\u00edda de Paulinho McLaren para o futebol \u00c1rabe.<\/p>\n<p>Nesta primeira fase da rodada, o ECT estar\u00e1 no grupo dos seguintes clubes: Joseense, Juventus, S\u00e3o Caetano, Audax, S\u00e3o Bernardo e Santo Andr\u00e9.<\/p>\n<p>Os ingressos para a partida de domingo come\u00e7aram a ser vendidos nesta quinta-feira. Os interessados podem encontrar na Sede Social do Clube, no Barril do Z\u00e9 Bigode e na loja esportiva Zaz Traz. O valor para a Arquibancada Geral \u00e9 de R$10 inteira e R$5 meia entrada. J\u00e1 a Arquibancada Social o valor \u00e9 de R$16 inteira e R$8 meia.<\/p>\n","protected":false},"excerpt":{"rendered":"<p>Esporte Clube Taubat\u00e9 aposta na Copa Paulista para se preparar para a s\u00e9rie A3 de 2014. O time v\u00ea como uma grande oportunidade de t\u00edtulo. &#8230;<\/p>\n","protected":false},"author":1,"featured_media":6113,"comment_status":"open","ping_status":"open","sticky":false,"template":"","format":"standard","meta":{"footnotes":""},"categories":[7],"tags":[],"class_list":["post-6112","post","type-post","status-publish","format-standard","has-post-thumbnail","hentry","category-reportagem"],"_links":{"self":[{"href":"https:\/\/www.jornalcontato.com.br\/home\/index.php\/wp-json\/wp\/v2\/posts\/6112","targetHints":{"allow":["GET"]}}],"collection":[{"href":"https:\/\/www.jornalcontato.com.br\/home\/index.php\/wp-json\/wp\/v2\/posts"}],"about":[{"href":"https:\/\/www.jornalcontato.com.br\/home\/index.php\/wp-json\/wp\/v2\/types\/post"}],"author":[{"embeddable":true,"href":"https:\/\/www.jornalcontato.com.br\/home\/index.php\/wp-json\/wp\/v2\/users\/1"}],"replies":[{"embeddable":true,"href":"https:\/\/www.jornalcontato.com.br\/home\/index.php\/wp-json\/wp\/v2\/comments?post=6112"}],"version-history":[{"count":3,"href":"https:\/\/www.jornalcontato.com.br\/home\/index.php\/wp-json\/wp\/v2\/posts\/6112\/revisions"}],"predecessor-version":[{"id":6115,"href":"https:\/\/www.jornalcontato.com.br\/home\/index.php\/wp-json\/wp\/v2\/posts\/6112\/revisions\/6115"}],"wp:featuredmedia":[{"embeddable":true,"href":"https:\/\/www.jornalcontato.com.br\/home\/index.php\/wp-json\/wp\/v2\/media\/6113"}],"wp:attachment":[{"href":"https:\/\/www.jornalcontato.com.br\/home\/index.php\/wp-json\/wp\/v2\/media?parent=6112"}],"wp:term":[{"taxonomy":"category","embeddable":true,"href":"https:\/\/www.jornalcontato.com.br\/home\/index.php\/wp-json\/wp\/v2\/categories?post=6112"},{"taxonomy":"post_tag","embeddable":true,"href":"https:\/\/www.jornalcontato.com.br\/home\/index.php\/wp-json\/wp\/v2\/tags?post=6112"}],"curies":[{"name":"wp","href":"https:\/\/api.w.org\/{rel}","templated":true}]}}