{"id":6048,"date":"2013-07-04T13:16:22","date_gmt":"2013-07-04T16:16:22","guid":{"rendered":"http:\/\/jornalcontato.com.br\/home\/?p=6048"},"modified":"2016-04-06T15:22:40","modified_gmt":"2016-04-06T18:22:40","slug":"iss-eletronico","status":"publish","type":"post","link":"https:\/\/www.jornalcontato.com.br\/home\/index.php\/iss-eletronico\/","title":{"rendered":"ISS Eletr\u00f4nico"},"content":{"rendered":"<p id=\"yui_3_7_2_1_1372954064560_2565\"><em>Cr\u00e9ditos: Assessoria de Imprensa PMT<\/em><\/p>\n<p>Visando modernizar seu sistema de arrecada\u00e7\u00e3o tribut\u00e1ria, a Prefeitura de Taubat\u00e9 apresentou o integrado da nova vers\u00e3o da nota fiscal eletr\u00f4nica com o ISS Eletr\u00f4nico. O evento ocorreu na quinta-feira, dia 27, e contou com a participa\u00e7\u00e3o de cerca de 200 pessoas, incluindo contadores, empres\u00e1rios, sindicatos da classe e comunidade em geral. O objetivo dessa integra\u00e7\u00e3o, segundo a prefeitura, \u00e9 oferecer melhorias e facilidades aos prestadores de servi\u00e7os e tomadores, principalmente \u00e0queles que utilizam o sistema ISS Eletr\u00f4nico. O novo sistema integrado ser\u00e1 disponibilizado a partir do m\u00eas de agosto, totalmente on-line, para que todas as empresas utilizem um \u00fanico ambiente.<\/p>\n<p>&nbsp;<\/p>\n<p>&nbsp;<\/p>\n","protected":false},"excerpt":{"rendered":"<p>Cr\u00e9ditos: Assessoria de Imprensa PMT Visando modernizar seu sistema de arrecada\u00e7\u00e3o tribut\u00e1ria, a Prefeitura de Taubat\u00e9 apresentou o integrado da nova vers\u00e3o da nota fiscal &#8230;<\/p>\n","protected":false},"author":1,"featured_media":6049,"comment_status":"open","ping_status":"open","sticky":false,"template":"","format":"standard","meta":{"footnotes":""},"categories":[29,7],"tags":[],"class_list":["post-6048","post","type-post","status-publish","format-standard","has-post-thumbnail","hentry","category-regional","category-reportagem"],"_links":{"self":[{"href":"https:\/\/www.jornalcontato.com.br\/home\/index.php\/wp-json\/wp\/v2\/posts\/6048","targetHints":{"allow":["GET"]}}],"collection":[{"href":"https:\/\/www.jornalcontato.com.br\/home\/index.php\/wp-json\/wp\/v2\/posts"}],"about":[{"href":"https:\/\/www.jornalcontato.com.br\/home\/index.php\/wp-json\/wp\/v2\/types\/post"}],"author":[{"embeddable":true,"href":"https:\/\/www.jornalcontato.com.br\/home\/index.php\/wp-json\/wp\/v2\/users\/1"}],"replies":[{"embeddable":true,"href":"https:\/\/www.jornalcontato.com.br\/home\/index.php\/wp-json\/wp\/v2\/comments?post=6048"}],"version-history":[{"count":6,"href":"https:\/\/www.jornalcontato.com.br\/home\/index.php\/wp-json\/wp\/v2\/posts\/6048\/revisions"}],"predecessor-version":[{"id":11121,"href":"https:\/\/www.jornalcontato.com.br\/home\/index.php\/wp-json\/wp\/v2\/posts\/6048\/revisions\/11121"}],"wp:featuredmedia":[{"embeddable":true,"href":"https:\/\/www.jornalcontato.com.br\/home\/index.php\/wp-json\/wp\/v2\/media\/6049"}],"wp:attachment":[{"href":"https:\/\/www.jornalcontato.com.br\/home\/index.php\/wp-json\/wp\/v2\/media?parent=6048"}],"wp:term":[{"taxonomy":"category","embeddable":true,"href":"https:\/\/www.jornalcontato.com.br\/home\/index.php\/wp-json\/wp\/v2\/categories?post=6048"},{"taxonomy":"post_tag","embeddable":true,"href":"https:\/\/www.jornalcontato.com.br\/home\/index.php\/wp-json\/wp\/v2\/tags?post=6048"}],"curies":[{"name":"wp","href":"https:\/\/api.w.org\/{rel}","templated":true}]}}