{"id":5734,"date":"2013-06-06T17:43:50","date_gmt":"2013-06-06T20:43:50","guid":{"rendered":"http:\/\/jornalcontato.com.br\/home\/?p=5734"},"modified":"2013-06-12T15:51:31","modified_gmt":"2013-06-12T18:51:31","slug":"fiscalizacao-do-transporte-coletivo-em-curso","status":"publish","type":"post","link":"https:\/\/www.jornalcontato.com.br\/home\/index.php\/fiscalizacao-do-transporte-coletivo-em-curso\/","title":{"rendered":"Blitz na Rodovi\u00e1ria Velha flagra \u00f4nibus com pneu careca"},"content":{"rendered":"<p><!--more-->Por Marcos Lim\u00e3o e Paulo Lacerda<\/p>\n<p>Munidos com uma prancheta, os vereadores Joffre Neto (PSB), Dig\u00e3o (PSDB), Vera Saba (PT), Diego Fonseca (PSDB) e Neneca (PDT) realizaram uma s\u00e9rie de entrevistas com mun\u00edcipes para apurar quais s\u00e3o as reclama\u00e7\u00f5es deles em rela\u00e7\u00e3o aos \u00f4nibus da ABC e vans do TCTAU na ter\u00e7a-feira, dia 4. Esses parlamentares integram a Comiss\u00e3o Especial institu\u00edda na C\u00e2mara Municipal com o fim detalhar a situa\u00e7\u00e3o do sistema de transporte coletivo. Institu\u00edda no dia 6 de maio, o grupo tem 60 dias para finalizar os trabalhos. Ao final do prazo, o relat\u00f3rio ser\u00e1 encaminhado \u00e0 Prefeitura de Taubat\u00e9 e, caso haja alguma irregularidade apurada, ao Minist\u00e9rio P\u00fablico. Ser\u00e3o analisados aspectos como a tarifa, condi\u00e7\u00f5es dos pontos e frota.<\/p>\n<p>Na rodovi\u00e1ria, CONTATO registrou com fotos a situa\u00e7\u00e3o dos pneus de alguns \u00f4nibus, que estavam \u201ccarecas\u201d. Em condi\u00e7\u00f5es normais, esses ve\u00edculos provavelmente estariam impedidos de circular. Confira:<\/p>\n<p><a href=\"http:\/\/jornalcontato.com.br\/home\/wp-content\/uploads\/2013\/06\/pneu.jpg\"><img loading=\"lazy\" decoding=\"async\" class=\"aligncenter size-medium wp-image-5735\" title=\"pneu\" src=\"http:\/\/jornalcontato.com.br\/home\/wp-content\/uploads\/2013\/06\/pneu-300x199.jpg\" alt=\"\" width=\"300\" height=\"199\" srcset=\"https:\/\/jornalcontato.com.br\/home\/wp-content\/uploads\/2013\/06\/pneu-300x199.jpg 300w, https:\/\/jornalcontato.com.br\/home\/wp-content\/uploads\/2013\/06\/pneu-1024x682.jpg 1024w, https:\/\/jornalcontato.com.br\/home\/wp-content\/uploads\/2013\/06\/pneu.jpg 1106w\" sizes=\"auto, (max-width: 300px) 100vw, 300px\" \/><\/a><\/p>\n<p><a href=\"http:\/\/jornalcontato.com.br\/home\/wp-content\/uploads\/2013\/06\/pneu2.jpg\"><img loading=\"lazy\" decoding=\"async\" class=\"aligncenter size-medium wp-image-5736\" title=\"pneu2\" src=\"http:\/\/jornalcontato.com.br\/home\/wp-content\/uploads\/2013\/06\/pneu2-300x199.jpg\" alt=\"\" width=\"300\" height=\"199\" srcset=\"https:\/\/jornalcontato.com.br\/home\/wp-content\/uploads\/2013\/06\/pneu2-300x199.jpg 300w, https:\/\/jornalcontato.com.br\/home\/wp-content\/uploads\/2013\/06\/pneu2-1024x682.jpg 1024w, https:\/\/jornalcontato.com.br\/home\/wp-content\/uploads\/2013\/06\/pneu2.jpg 1106w\" sizes=\"auto, (max-width: 300px) 100vw, 300px\" \/><\/a><\/p>\n<p><a href=\"http:\/\/jornalcontato.com.br\/home\/wp-content\/uploads\/2013\/06\/Farol1.jpg\"><img loading=\"lazy\" decoding=\"async\" class=\"aligncenter size-medium wp-image-5737\" title=\"Farol1\" src=\"http:\/\/jornalcontato.com.br\/home\/wp-content\/uploads\/2013\/06\/Farol1-300x199.jpg\" alt=\"\" width=\"300\" height=\"199\" srcset=\"https:\/\/jornalcontato.com.br\/home\/wp-content\/uploads\/2013\/06\/Farol1-300x199.jpg 300w, https:\/\/jornalcontato.com.br\/home\/wp-content\/uploads\/2013\/06\/Farol1-1024x682.jpg 1024w, https:\/\/jornalcontato.com.br\/home\/wp-content\/uploads\/2013\/06\/Farol1.jpg 1106w\" sizes=\"auto, (max-width: 300px) 100vw, 300px\" \/><\/a><\/p>\n","protected":false},"excerpt":{"rendered":"","protected":false},"author":1,"featured_media":5738,"comment_status":"open","ping_status":"open","sticky":false,"template":"","format":"standard","meta":{"footnotes":""},"categories":[7],"tags":[],"class_list":["post-5734","post","type-post","status-publish","format-standard","has-post-thumbnail","hentry","category-reportagem"],"_links":{"self":[{"href":"https:\/\/www.jornalcontato.com.br\/home\/index.php\/wp-json\/wp\/v2\/posts\/5734","targetHints":{"allow":["GET"]}}],"collection":[{"href":"https:\/\/www.jornalcontato.com.br\/home\/index.php\/wp-json\/wp\/v2\/posts"}],"about":[{"href":"https:\/\/www.jornalcontato.com.br\/home\/index.php\/wp-json\/wp\/v2\/types\/post"}],"author":[{"embeddable":true,"href":"https:\/\/www.jornalcontato.com.br\/home\/index.php\/wp-json\/wp\/v2\/users\/1"}],"replies":[{"embeddable":true,"href":"https:\/\/www.jornalcontato.com.br\/home\/index.php\/wp-json\/wp\/v2\/comments?post=5734"}],"version-history":[{"count":4,"href":"https:\/\/www.jornalcontato.com.br\/home\/index.php\/wp-json\/wp\/v2\/posts\/5734\/revisions"}],"predecessor-version":[{"id":5740,"href":"https:\/\/www.jornalcontato.com.br\/home\/index.php\/wp-json\/wp\/v2\/posts\/5734\/revisions\/5740"}],"wp:featuredmedia":[{"embeddable":true,"href":"https:\/\/www.jornalcontato.com.br\/home\/index.php\/wp-json\/wp\/v2\/media\/5738"}],"wp:attachment":[{"href":"https:\/\/www.jornalcontato.com.br\/home\/index.php\/wp-json\/wp\/v2\/media?parent=5734"}],"wp:term":[{"taxonomy":"category","embeddable":true,"href":"https:\/\/www.jornalcontato.com.br\/home\/index.php\/wp-json\/wp\/v2\/categories?post=5734"},{"taxonomy":"post_tag","embeddable":true,"href":"https:\/\/www.jornalcontato.com.br\/home\/index.php\/wp-json\/wp\/v2\/tags?post=5734"}],"curies":[{"name":"wp","href":"https:\/\/api.w.org\/{rel}","templated":true}]}}