{"id":5724,"date":"2013-06-06T17:05:09","date_gmt":"2013-06-06T20:05:09","guid":{"rendered":"http:\/\/jornalcontato.com.br\/home\/?p=5724"},"modified":"2013-06-06T17:05:09","modified_gmt":"2013-06-06T20:05:09","slug":"campanha-de-vacinacao-contra-paralisia-infantil-em-taubate","status":"publish","type":"post","link":"https:\/\/www.jornalcontato.com.br\/home\/index.php\/campanha-de-vacinacao-contra-paralisia-infantil-em-taubate\/","title":{"rendered":"Campanha de Vacina\u00e7\u00e3o contra Paralisia Infantil em Taubat\u00e9"},"content":{"rendered":"<div>Acontece no pr\u00f3ximo s\u00e1bado, dia 8, a primeira fase da Campanha de Vacina\u00e7\u00e3o contra Paralisia Infantil para crian\u00e7as que tenham entre seis meses e cinco anos de idade. As crian\u00e7as ser\u00e3o vacinadas nos PAMOs de Taubat\u00e9.<\/div>\n<div><\/div>\n<div>A meta da campanha \u00e9 vacinar 95% da popula\u00e7\u00e3o, conforme o estabelecido pelo Minist\u00e9rio da Sa\u00fade. Para receber a dose, o respons\u00e1vel deve acompanhar a crian\u00e7a at\u00e9 uma das unidades b\u00e1sicas de sa\u00fade, portando a carteira de vacina\u00e7\u00e3o, no hor\u00e1rio das 8h \u00e0s 17h.<\/div>\n<div><\/div>\n","protected":false},"excerpt":{"rendered":"<p>Acontece no pr\u00f3ximo s\u00e1bado, dia 8, a primeira fase da Campanha de Vacina\u00e7\u00e3o contra Paralisia Infantil para crian\u00e7as que tenham entre seis meses e cinco &#8230;<\/p>\n","protected":false},"author":1,"featured_media":5725,"comment_status":"open","ping_status":"open","sticky":false,"template":"","format":"standard","meta":{"footnotes":""},"categories":[7],"tags":[],"class_list":["post-5724","post","type-post","status-publish","format-standard","has-post-thumbnail","hentry","category-reportagem"],"_links":{"self":[{"href":"https:\/\/www.jornalcontato.com.br\/home\/index.php\/wp-json\/wp\/v2\/posts\/5724","targetHints":{"allow":["GET"]}}],"collection":[{"href":"https:\/\/www.jornalcontato.com.br\/home\/index.php\/wp-json\/wp\/v2\/posts"}],"about":[{"href":"https:\/\/www.jornalcontato.com.br\/home\/index.php\/wp-json\/wp\/v2\/types\/post"}],"author":[{"embeddable":true,"href":"https:\/\/www.jornalcontato.com.br\/home\/index.php\/wp-json\/wp\/v2\/users\/1"}],"replies":[{"embeddable":true,"href":"https:\/\/www.jornalcontato.com.br\/home\/index.php\/wp-json\/wp\/v2\/comments?post=5724"}],"version-history":[{"count":2,"href":"https:\/\/www.jornalcontato.com.br\/home\/index.php\/wp-json\/wp\/v2\/posts\/5724\/revisions"}],"predecessor-version":[{"id":5727,"href":"https:\/\/www.jornalcontato.com.br\/home\/index.php\/wp-json\/wp\/v2\/posts\/5724\/revisions\/5727"}],"wp:featuredmedia":[{"embeddable":true,"href":"https:\/\/www.jornalcontato.com.br\/home\/index.php\/wp-json\/wp\/v2\/media\/5725"}],"wp:attachment":[{"href":"https:\/\/www.jornalcontato.com.br\/home\/index.php\/wp-json\/wp\/v2\/media?parent=5724"}],"wp:term":[{"taxonomy":"category","embeddable":true,"href":"https:\/\/www.jornalcontato.com.br\/home\/index.php\/wp-json\/wp\/v2\/categories?post=5724"},{"taxonomy":"post_tag","embeddable":true,"href":"https:\/\/www.jornalcontato.com.br\/home\/index.php\/wp-json\/wp\/v2\/tags?post=5724"}],"curies":[{"name":"wp","href":"https:\/\/api.w.org\/{rel}","templated":true}]}}