{"id":5658,"date":"2013-05-24T10:46:29","date_gmt":"2013-05-24T13:46:29","guid":{"rendered":"http:\/\/jornalcontato.com.br\/home\/?p=5658"},"modified":"2013-06-12T15:48:13","modified_gmt":"2013-06-12T18:48:13","slug":"edicao-596-do-jornal-contato","status":"publish","type":"post","link":"https:\/\/www.jornalcontato.com.br\/home\/index.php\/edicao-596-do-jornal-contato\/","title":{"rendered":"Edi\u00e7\u00e3o 596 do Jornal CONTATO"},"content":{"rendered":"<p style=\"text-align: center;\"><strong><!--more-->Confira os temperos de Tia Anast\u00e1cia para a edi\u00e7\u00e3o 596 do Jornal CONTATO<\/strong><\/p>\n<p><strong>Elei\u00e7\u00f5es sindicais 1<\/strong><br \/>\nSabe aquela gazeta que introduziu a vis\u00e3o joseense no cotidiano da terra de Lobato? Pois bem, mesmo ap\u00f3s o in\u00edcio do processo eleitoral no Sindicato dos Metal\u00fargicos de Taubat\u00e9, o di\u00e1rio n\u00e3o hesita em manter em suas p\u00e1ginas o espa\u00e7o concedido ao petista Isaac do Carmo, atual presidente do sindicato e candidato \u00e0 reelei\u00e7\u00e3o. \u201cDesse jeito vai parecer favorecimento\u201d, comenta Tia Anast\u00e1cia.<\/p>\n<p><strong>Elei\u00e7\u00f5es sindicais 2<\/strong><br \/>\nA veneranda senhora guarda com carinho a edi\u00e7\u00e3o de 23 de maio. Motivo? Na p\u00e1gina 8, o jornal informa que \u201c\u00c9 dada a largada<br \/>\nna elei\u00e7\u00e3o do sindicato\u201d. Na p\u00e1gina anterior, n\u00famero 7, o di\u00e1rio apresenta um belo artigo do presidente do sindicato, Isaac do<br \/>\nCarmo (PT), que destacou o seguinte trecho em letras garrafais: \u201cN\u00f3s, metal\u00fargicos de Taubat\u00e9, vamos continuar fazendo nossa parte para que a gera\u00e7\u00e3o de empregos seja constante\u201d. E a\u00ed?<\/p>\n<p><strong>Luva de pelica 1<\/strong><br \/>\nO vereador Salvador Soares (PT) armou o maior escarc\u00e9u com a desculpa de fiscalizar o contrato da merenda escolar. Fez protesto<br \/>\nna C\u00e2mara Municipal (CONTATO edi\u00e7\u00e3o 585) e apresentou o requerimento para convocar a secret\u00e1ria de Educa\u00e7\u00e3o, que prestou esclarecimento na manh\u00e3 de quarta-feira, dia 22. Por\u00e9m, as perguntas direcionadas \u00e0 mandat\u00e1ria da Educa\u00e7\u00e3o mostraram que o petista est\u00e1 mais perdido que cego em tiroteio<\/p>\n<p><strong>Luva de pelica 2<\/strong><br \/>\nVoz corrente entre os vereadores: a merenda servida nas escolas est\u00e1 com qualidade. Muitos parlamentares aparecem de<br \/>\nsurpresa nas unidades de ensino para experimentar a comida. Sempre quando um vereador faz essa blitz surpresa, algu\u00e9m da escola<br \/>\ntelefona para a secret\u00e1ria de Educa\u00e7\u00e3o para inform\u00e1-la.<\/p>\n<p><strong>Luva de pelica 3<\/strong><br \/>\nJo\u00e3o Vidal (PSB), l\u00edder do governo, aproveitou a presen\u00e7a da secret\u00e1ria de Educa\u00e7\u00e3o na C\u00e2mara Municipal para question\u00e1-la: a senhora j\u00e1 recebeu a liga\u00e7\u00e3o de que o vereador Salvador Soares (PT) apareceu em alguma escola para experimentar a merenda? A resposta foi N\u00c3O. \u201cVixi, meus amigos de S\u00e3o Jos\u00e9 dos Campos n\u00e3o v\u00e3o gostar desta not\u00edcia\u201d.<\/p>\n<p><a href=\"http:\/\/jornalcontato.com.br\/home\/wp-content\/uploads\/2013\/05\/596.jpg\"><img loading=\"lazy\" decoding=\"async\" class=\"aligncenter size-medium wp-image-5659\" title=\"596\" src=\"http:\/\/jornalcontato.com.br\/home\/wp-content\/uploads\/2013\/05\/596-262x300.jpg\" alt=\"\" width=\"262\" height=\"300\" srcset=\"https:\/\/jornalcontato.com.br\/home\/wp-content\/uploads\/2013\/05\/596-262x300.jpg 262w, https:\/\/jornalcontato.com.br\/home\/wp-content\/uploads\/2013\/05\/596.jpg 780w\" sizes=\"auto, (max-width: 262px) 100vw, 262px\" \/><\/a><\/p>\n","protected":false},"excerpt":{"rendered":"","protected":false},"author":1,"featured_media":5660,"comment_status":"open","ping_status":"open","sticky":false,"template":"","format":"standard","meta":{"footnotes":""},"categories":[7],"tags":[],"class_list":["post-5658","post","type-post","status-publish","format-standard","has-post-thumbnail","hentry","category-reportagem"],"_links":{"self":[{"href":"https:\/\/www.jornalcontato.com.br\/home\/index.php\/wp-json\/wp\/v2\/posts\/5658","targetHints":{"allow":["GET"]}}],"collection":[{"href":"https:\/\/www.jornalcontato.com.br\/home\/index.php\/wp-json\/wp\/v2\/posts"}],"about":[{"href":"https:\/\/www.jornalcontato.com.br\/home\/index.php\/wp-json\/wp\/v2\/types\/post"}],"author":[{"embeddable":true,"href":"https:\/\/www.jornalcontato.com.br\/home\/index.php\/wp-json\/wp\/v2\/users\/1"}],"replies":[{"embeddable":true,"href":"https:\/\/www.jornalcontato.com.br\/home\/index.php\/wp-json\/wp\/v2\/comments?post=5658"}],"version-history":[{"count":4,"href":"https:\/\/www.jornalcontato.com.br\/home\/index.php\/wp-json\/wp\/v2\/posts\/5658\/revisions"}],"predecessor-version":[{"id":5662,"href":"https:\/\/www.jornalcontato.com.br\/home\/index.php\/wp-json\/wp\/v2\/posts\/5658\/revisions\/5662"}],"wp:featuredmedia":[{"embeddable":true,"href":"https:\/\/www.jornalcontato.com.br\/home\/index.php\/wp-json\/wp\/v2\/media\/5660"}],"wp:attachment":[{"href":"https:\/\/www.jornalcontato.com.br\/home\/index.php\/wp-json\/wp\/v2\/media?parent=5658"}],"wp:term":[{"taxonomy":"category","embeddable":true,"href":"https:\/\/www.jornalcontato.com.br\/home\/index.php\/wp-json\/wp\/v2\/categories?post=5658"},{"taxonomy":"post_tag","embeddable":true,"href":"https:\/\/www.jornalcontato.com.br\/home\/index.php\/wp-json\/wp\/v2\/tags?post=5658"}],"curies":[{"name":"wp","href":"https:\/\/api.w.org\/{rel}","templated":true}]}}