{"id":5651,"date":"2013-05-23T17:12:40","date_gmt":"2013-05-23T20:12:40","guid":{"rendered":"http:\/\/jornalcontato.com.br\/home\/?p=5651"},"modified":"2013-05-23T17:13:21","modified_gmt":"2013-05-23T20:13:21","slug":"camara-municipal-aprova-criacao-de-comissao-permanente-de-legislacao-participativa","status":"publish","type":"post","link":"https:\/\/www.jornalcontato.com.br\/home\/index.php\/camara-municipal-aprova-criacao-de-comissao-permanente-de-legislacao-participativa\/","title":{"rendered":"C\u00e2mara aprova cria\u00e7\u00e3o de Comiss\u00e3o Permanente de Legisla\u00e7\u00e3o Participativa"},"content":{"rendered":"<p>Por Paulo Lacerda<\/p>\n<p>A C\u00e2mara Municipal de Taubat\u00e9 aprovou na sess\u00e3o ordin\u00e1ria de quarta-feira, dia 22, a proposta do vereador Salvador Soares (PT) que cria a Comiss\u00e3o Permanente de Legisla\u00e7\u00e3o Participativa, incumbida de receber sugest\u00f5es de iniciativa popular e torn\u00e1-las proposituras.<\/p>\n<p>Assim, na vis\u00e3o do vereador petista, entidades organizadas civis ter\u00e3o um elo com a C\u00e2mara, podendo apresentar seus projetos \u00e0 Comiss\u00e3o, de uma maneira mais r\u00e1pida em contraponto \u00e0 iniciativa popular de lei. \u201cIncluiremos a sociedade em nossos mandatos na C\u00e2mara\u201d disse Salvador.<\/p>\n<p>A elei\u00e7\u00e3o dos membros da comiss\u00e3o dever\u00e1 ocorrer na primeira sess\u00e3o ordin\u00e1ria ap\u00f3s publica\u00e7\u00e3o da lei. A proposta aguarda a segunda vota\u00e7\u00e3o pelo plen\u00e1rio.<\/p>\n<p>O vereador Joffre Neto (PSB) afirmou que \u00e9 v\u00e1lida a constitui\u00e7\u00e3o de qualquer comiss\u00e3o para suscitar a participa\u00e7\u00e3o popular no cen\u00e1rio legislativo, assim como a cria\u00e7\u00e3o de sua autoria, do or\u00e7amento participativo, enquanto presidia a C\u00e2mara em 2004.<\/p>\n<p>O l\u00edder do governo na Casa Legislativa, Jo\u00e3o Vidal (PSB), sugeriu que a comiss\u00e3o entre em funcionamento o quanto antes. Comentou tamb\u00e9m que h\u00e1 dez anos a deputada Luiza Erundina (PSB) ainda \u00e9 parabenizada por instituir comiss\u00e3o semelhante no Congresso Nacional.<\/p>\n<p><strong>Projetos em discuss\u00e3o<\/strong><\/p>\n<p>Na mesma sess\u00e3o, os vereadores deram in\u00edcio aos debates sobre o parecer desfavor\u00e1vel que a Comiss\u00e3o de Justi\u00e7a deu ao projeto dos vereadores Dig\u00e3o e Bilili, ambos do PSDB, que prev\u00ea a cria\u00e7\u00e3o do Programa Hospital Domiciliar de Atendimento e Interna\u00e7\u00e3o Domiciliar. A Comiss\u00e3o disse que h\u00e1 inconstitucionalidade no projeto, pois tal projeto s\u00f3 pode ser de autoria do prefeito. Todavia, a sess\u00e3o chegou ao t\u00e9rmino e a vota\u00e7\u00e3o foi adiada para o dia 29.<\/p>\n<p>O vereador Luizinho da Farm\u00e1cia (PR) defendeu que os pareceres contr\u00e1rios da Comiss\u00e3o de Justi\u00e7a devem promover o arquivamento autom\u00e1tico do projeto. Segundo ele, por mais que os vereadores d\u00eaem parecer favor\u00e1vel e aprovem a lei, o prefeito entra com uma a\u00e7\u00e3o de inconstitucionalidade, e a lei perde a validade.<\/p>\n<p>Dig\u00e3o, defensor do projeto, alegou o perigo de o paciente adquirir infec\u00e7\u00e3o hospitalar em unidades de sa\u00fade. Ele reconheceu a an\u00e1lise t\u00e9cnica constatada pela Comiss\u00e3o de Justi\u00e7a, mas reitera a necessidade de se colocar a proposta em discuss\u00e3o.<\/p>\n","protected":false},"excerpt":{"rendered":"<p>Por Paulo Lacerda A C\u00e2mara Municipal de Taubat\u00e9 aprovou na sess\u00e3o ordin\u00e1ria de quarta-feira, dia 22, a proposta do vereador Salvador Soares (PT) que cria &#8230;<\/p>\n","protected":false},"author":1,"featured_media":5653,"comment_status":"open","ping_status":"open","sticky":false,"template":"","format":"standard","meta":{"footnotes":""},"categories":[7],"tags":[],"class_list":["post-5651","post","type-post","status-publish","format-standard","has-post-thumbnail","hentry","category-reportagem"],"_links":{"self":[{"href":"https:\/\/www.jornalcontato.com.br\/home\/index.php\/wp-json\/wp\/v2\/posts\/5651","targetHints":{"allow":["GET"]}}],"collection":[{"href":"https:\/\/www.jornalcontato.com.br\/home\/index.php\/wp-json\/wp\/v2\/posts"}],"about":[{"href":"https:\/\/www.jornalcontato.com.br\/home\/index.php\/wp-json\/wp\/v2\/types\/post"}],"author":[{"embeddable":true,"href":"https:\/\/www.jornalcontato.com.br\/home\/index.php\/wp-json\/wp\/v2\/users\/1"}],"replies":[{"embeddable":true,"href":"https:\/\/www.jornalcontato.com.br\/home\/index.php\/wp-json\/wp\/v2\/comments?post=5651"}],"version-history":[{"count":3,"href":"https:\/\/www.jornalcontato.com.br\/home\/index.php\/wp-json\/wp\/v2\/posts\/5651\/revisions"}],"predecessor-version":[{"id":5656,"href":"https:\/\/www.jornalcontato.com.br\/home\/index.php\/wp-json\/wp\/v2\/posts\/5651\/revisions\/5656"}],"wp:featuredmedia":[{"embeddable":true,"href":"https:\/\/www.jornalcontato.com.br\/home\/index.php\/wp-json\/wp\/v2\/media\/5653"}],"wp:attachment":[{"href":"https:\/\/www.jornalcontato.com.br\/home\/index.php\/wp-json\/wp\/v2\/media?parent=5651"}],"wp:term":[{"taxonomy":"category","embeddable":true,"href":"https:\/\/www.jornalcontato.com.br\/home\/index.php\/wp-json\/wp\/v2\/categories?post=5651"},{"taxonomy":"post_tag","embeddable":true,"href":"https:\/\/www.jornalcontato.com.br\/home\/index.php\/wp-json\/wp\/v2\/tags?post=5651"}],"curies":[{"name":"wp","href":"https:\/\/api.w.org\/{rel}","templated":true}]}}