{"id":5606,"date":"2013-05-20T14:22:03","date_gmt":"2013-05-20T17:22:03","guid":{"rendered":"http:\/\/jornalcontato.com.br\/home\/?p=5606"},"modified":"2016-04-06T15:23:11","modified_gmt":"2016-04-06T18:23:11","slug":"bale-da-cidade-de-taubate-faz-apresentacoes-gratuitas-para-comemorar-7-anos-de-existencia","status":"publish","type":"post","link":"https:\/\/www.jornalcontato.com.br\/home\/index.php\/bale-da-cidade-de-taubate-faz-apresentacoes-gratuitas-para-comemorar-7-anos-de-existencia\/","title":{"rendered":"Bal\u00e9 da Cidade de Taubat\u00e9 faz apresenta\u00e7\u00f5es gratuitas para comemorar 7 anos de exist\u00eancia"},"content":{"rendered":"<p style=\"text-align: left;\" align=\"center\"><strong>Para comemorar os sete anos de atua\u00e7\u00e3o, o \u00a0<strong>Bal\u00e9 da Cidade de Taubat\u00e9 far\u00e1 apresenta\u00e7\u00f5es de dan\u00e7a e arte no<\/strong><\/strong><strong>s dias 22 e 23 de maio, atrav\u00e9s do espet\u00e1culo \u201cBal\u00e9 da Cidade dan\u00e7a 7 anos\u201d. O projeto trar\u00e1 mostras art\u00edsticas gratuitamente no Teatro Metr\u00f3pole.<\/strong><\/p>\n<p><strong>O espet\u00e1culo \u00e9 composto por quatro apresenta\u00e7<\/strong><strong>\u00f5es:\u00a0&#8220;Um L\u00e1 para Tom&#8221;, &#8220;Moiras&#8221;, &#8220;Momento num caf\u00e9&#8221; e &#8220;Tr\u00eas cenas&#8221;.<\/strong><\/p>\n<p><strong><\/strong><strong>Os interessados em assistir o espet\u00e1culo poder\u00e3o comparecer ao teatro com uma hora de anteced\u00eancia para retirar os ingressos. As apresenta\u00e7\u00f5es ter\u00e3o in\u00edcio \u00e0s 20h em ambos os dias.<\/strong><\/p>\n<p>&nbsp;<\/p>\n","protected":false},"excerpt":{"rendered":"<p>Para comemorar os sete anos de atua\u00e7\u00e3o, o \u00a0Bal\u00e9 da Cidade de Taubat\u00e9 far\u00e1 apresenta\u00e7\u00f5es de dan\u00e7a e arte nos dias 22 e 23 de &#8230;<\/p>\n","protected":false},"author":1,"featured_media":5607,"comment_status":"open","ping_status":"open","sticky":false,"template":"","format":"standard","meta":{"footnotes":""},"categories":[29,7],"tags":[],"class_list":["post-5606","post","type-post","status-publish","format-standard","has-post-thumbnail","hentry","category-regional","category-reportagem"],"_links":{"self":[{"href":"https:\/\/www.jornalcontato.com.br\/home\/index.php\/wp-json\/wp\/v2\/posts\/5606","targetHints":{"allow":["GET"]}}],"collection":[{"href":"https:\/\/www.jornalcontato.com.br\/home\/index.php\/wp-json\/wp\/v2\/posts"}],"about":[{"href":"https:\/\/www.jornalcontato.com.br\/home\/index.php\/wp-json\/wp\/v2\/types\/post"}],"author":[{"embeddable":true,"href":"https:\/\/www.jornalcontato.com.br\/home\/index.php\/wp-json\/wp\/v2\/users\/1"}],"replies":[{"embeddable":true,"href":"https:\/\/www.jornalcontato.com.br\/home\/index.php\/wp-json\/wp\/v2\/comments?post=5606"}],"version-history":[{"count":3,"href":"https:\/\/www.jornalcontato.com.br\/home\/index.php\/wp-json\/wp\/v2\/posts\/5606\/revisions"}],"predecessor-version":[{"id":11126,"href":"https:\/\/www.jornalcontato.com.br\/home\/index.php\/wp-json\/wp\/v2\/posts\/5606\/revisions\/11126"}],"wp:featuredmedia":[{"embeddable":true,"href":"https:\/\/www.jornalcontato.com.br\/home\/index.php\/wp-json\/wp\/v2\/media\/5607"}],"wp:attachment":[{"href":"https:\/\/www.jornalcontato.com.br\/home\/index.php\/wp-json\/wp\/v2\/media?parent=5606"}],"wp:term":[{"taxonomy":"category","embeddable":true,"href":"https:\/\/www.jornalcontato.com.br\/home\/index.php\/wp-json\/wp\/v2\/categories?post=5606"},{"taxonomy":"post_tag","embeddable":true,"href":"https:\/\/www.jornalcontato.com.br\/home\/index.php\/wp-json\/wp\/v2\/tags?post=5606"}],"curies":[{"name":"wp","href":"https:\/\/api.w.org\/{rel}","templated":true}]}}