{"id":5487,"date":"2013-05-03T10:22:15","date_gmt":"2013-05-03T13:22:15","guid":{"rendered":"http:\/\/jornalcontato.com.br\/home\/?p=5487"},"modified":"2013-05-28T09:58:01","modified_gmt":"2013-05-28T12:58:01","slug":"edicao-593-do-jornal-contato","status":"publish","type":"post","link":"https:\/\/www.jornalcontato.com.br\/home\/index.php\/edicao-593-do-jornal-contato\/","title":{"rendered":"Edi\u00e7\u00e3o 593 do Jornal CONTATO"},"content":{"rendered":"<p style=\"text-align: center;\"><!--more-->CONFIRA OS TEMPEROS DE TIA ANAST\u00c1CIA PARA A EDI\u00c7\u00c3O 593 DO JORNAL CONTATO<\/p>\n<p>Carl\u00e3o Peixoto n\u00e3o perdoa o tio<br \/>\nVereador Carlos Peixoto fez quest\u00e3o de rejeitar as contas do ex-prefeito Roberto Peixoto, do qual foi l\u00edder nos idos de 2005.<br \/>\n\u201cEstou condenando e vou condenar meu tio. N\u00e3o \u00e9 f\u00e1cil passar por isso, mas \u00e9 meu papel como vereador. N\u00e3o estamos julgando<br \/>\napenas contas, mas sim um ser humano. Estou com a consci\u00eancia tranquila e voto contra a aprova\u00e7\u00e3o das contas.\u201d<\/p>\n<p>Consci\u00eancia pesada?<br \/>\nVereador Salvador Soares (PT) defendeu a prefeitura quando dirigida por Peixoto. Para ele, as contas do ex-prefeito \u00e9 um<br \/>\nassunto morto, mas de interesse da popula\u00e7\u00e3o. \u201cN\u00e3o podemos ser agentes de aut\u00f3psia e sim agentes fiscalizadores. Os vereadores<br \/>\nna legislatura anterior poderiam ter minimizado esse problema em n\u00e3o permitirem que Roberto Peixoto extrapolasse nas contas\u201d.<\/p>\n<p>Consci\u00eancia pesada? 2<br \/>\nSalvador continuou: \u201cHoje sou um fiscalizador do atual prefeito Ortiz J\u00fanior (PSDB) e espero que ele n\u00e3o fa\u00e7a o mesmo que<br \/>\no ex-prefeito\u201d. Mem\u00f3ria curta ou fa\u00e7a o que eu digo, mas n\u00e3o fa\u00e7a o que eu fa\u00e7o? Para n\u00e3o deixar d\u00favida, Salvador fez quest\u00e3o de<br \/>\nposar ao lado de Isaac do Carmo em campanha aberta para sua reelei\u00e7\u00e3o para presidente do Sindicato dos Metal\u00fargicos que bancou<br \/>\na festa de 1\u00ba de Maio. \u201cNada como um dia depois do outro\u201d, filosofa Tia Anast\u00e1cia.<\/p>\n<p>F\u00e9 acima da pol\u00edtica<br \/>\nOs vereadores do PSB Jo\u00e3o Vidal e a presidente da C\u00e2mara, Maria das Gra\u00e7as n\u00e3o participaram da sess\u00e3o que julgou as contas de Peixoto. Os dois preferiram prestigiar o lan\u00e7amento da Frente Parlamentar de acompanhamento da pr\u00e9-Jornada Mundial da Juventude. A iniciativa desta Frente Parlamentar \u00e9 do Deputado Ed Thomas (PSB). Luizinho da Farm\u00e1cia (PR) foi o terceiro ausente: tinha agendado reuni\u00e3o com a diretora de Tr\u00e2nsito sobre a situa\u00e7\u00e3o da Avenida Independ\u00eancia.<\/p>\n<p><a href=\"http:\/\/jornalcontato.com.br\/home\/wp-content\/uploads\/2013\/05\/593.jpg\"><img loading=\"lazy\" decoding=\"async\" class=\"aligncenter size-medium wp-image-5488\" title=\"593\" src=\"http:\/\/jornalcontato.com.br\/home\/wp-content\/uploads\/2013\/05\/593-262x300.jpg\" alt=\"\" width=\"262\" height=\"300\" srcset=\"https:\/\/jornalcontato.com.br\/home\/wp-content\/uploads\/2013\/05\/593-262x300.jpg 262w, https:\/\/jornalcontato.com.br\/home\/wp-content\/uploads\/2013\/05\/593.jpg 780w\" sizes=\"auto, (max-width: 262px) 100vw, 262px\" \/><\/a><\/p>\n","protected":false},"excerpt":{"rendered":"","protected":false},"author":1,"featured_media":5489,"comment_status":"open","ping_status":"open","sticky":false,"template":"","format":"standard","meta":{"footnotes":""},"categories":[7],"tags":[],"class_list":["post-5487","post","type-post","status-publish","format-standard","has-post-thumbnail","hentry","category-reportagem"],"_links":{"self":[{"href":"https:\/\/www.jornalcontato.com.br\/home\/index.php\/wp-json\/wp\/v2\/posts\/5487","targetHints":{"allow":["GET"]}}],"collection":[{"href":"https:\/\/www.jornalcontato.com.br\/home\/index.php\/wp-json\/wp\/v2\/posts"}],"about":[{"href":"https:\/\/www.jornalcontato.com.br\/home\/index.php\/wp-json\/wp\/v2\/types\/post"}],"author":[{"embeddable":true,"href":"https:\/\/www.jornalcontato.com.br\/home\/index.php\/wp-json\/wp\/v2\/users\/1"}],"replies":[{"embeddable":true,"href":"https:\/\/www.jornalcontato.com.br\/home\/index.php\/wp-json\/wp\/v2\/comments?post=5487"}],"version-history":[{"count":4,"href":"https:\/\/www.jornalcontato.com.br\/home\/index.php\/wp-json\/wp\/v2\/posts\/5487\/revisions"}],"predecessor-version":[{"id":5492,"href":"https:\/\/www.jornalcontato.com.br\/home\/index.php\/wp-json\/wp\/v2\/posts\/5487\/revisions\/5492"}],"wp:featuredmedia":[{"embeddable":true,"href":"https:\/\/www.jornalcontato.com.br\/home\/index.php\/wp-json\/wp\/v2\/media\/5489"}],"wp:attachment":[{"href":"https:\/\/www.jornalcontato.com.br\/home\/index.php\/wp-json\/wp\/v2\/media?parent=5487"}],"wp:term":[{"taxonomy":"category","embeddable":true,"href":"https:\/\/www.jornalcontato.com.br\/home\/index.php\/wp-json\/wp\/v2\/categories?post=5487"},{"taxonomy":"post_tag","embeddable":true,"href":"https:\/\/www.jornalcontato.com.br\/home\/index.php\/wp-json\/wp\/v2\/tags?post=5487"}],"curies":[{"name":"wp","href":"https:\/\/api.w.org\/{rel}","templated":true}]}}