{"id":5468,"date":"2013-04-25T20:08:36","date_gmt":"2013-04-25T23:08:36","guid":{"rendered":"http:\/\/jornalcontato.com.br\/home\/?p=5468"},"modified":"2013-05-07T10:45:17","modified_gmt":"2013-05-07T13:45:17","slug":"edicao-592-do-jornal-contato","status":"publish","type":"post","link":"https:\/\/www.jornalcontato.com.br\/home\/index.php\/edicao-592-do-jornal-contato\/","title":{"rendered":"Edi\u00e7\u00e3o 592 do Jornal CONTATO"},"content":{"rendered":"<p style=\"text-align: center;\"><strong><!--more-->Confira os temperos de Tia Anast\u00e1cia para a edi\u00e7\u00e3o 592 do Jornal CONTATO<\/strong><\/p>\n<p style=\"text-align: left;\">Paciente inc\u00f4modo&#8230;<br \/>\nO vereador Salvador Soares (PT) voltou a falar sobre o caso do atendimento feito por servidores municipais da sa\u00fade na casa<br \/>\ndo ex-prefeito Jos\u00e9 Bernardo Ortiz (PSDB). \u201cAcho interessante nenhum dos vereadores falar sobre o caso do pai do Prefeito. Queria saber por que o secret\u00e1rio de Sa\u00fade, Jo\u00e3o Ebram, n\u00e3o fala do assunto. J\u00e1 protocolei tr\u00eas casos no MP de pessoas humildes que precisam de atendimento em casa e n\u00e3o recebem\u201d, disse.<\/p>\n<p style=\"text-align: left;\">e as cores oficiais&#8230;<br \/>\nJ\u00e1 a vereadora Vera Saba (PT) protocolou no Minist\u00e9rio P\u00fablico den\u00fancia contra Ortiz Junior pelo fato de a Prefeitura de Taubat\u00e9 ter<br \/>\npintado uma Escola do Trabalho da cor amarela. Para Vera, teria havido improbidade administrativa por parte do gestor e uma poss\u00edvel perde de identidade do taubateano, j\u00e1 que a Lei Org\u00e2nica do Munic\u00edpio diz que as cores oficiais da urbe s\u00e3o o azul e o branco. \u201cCoitado do Sampaio\u201d, pensa em voz alta Tia Anast\u00e1cia.<\/p>\n<p style=\"text-align: left;\">Estripulias 1<br \/>\nNa ter\u00e7a-feira, 30, a C\u00e2mara Municipal realiza uma sess\u00e3o extraordin\u00e1ria \u00e0s 15 horas para votar as contas do exerc\u00edcio financeiro<br \/>\nde 2010 da Prefeitura de Taubat\u00e9. A auditoria feita pelo Tribunal de Contas do Estado (TCE) apurou algumas estripulias com dinheiro p\u00fablico. Quais?<\/p>\n<p style=\"text-align: left;\">Estripulias 2<br \/>\nO TCE apontou que tr\u00eas servidoras do Departamento de A\u00e7\u00e3o Social pegaram R$ 379 mil a t\u00edtulo de adiantamento com justificativas<br \/>\ngen\u00e9ricas, como \u201cdespesas a programas sociais\u201d sem ao menos mencionar o n\u00famero de pessoas atendidas. Parte desse dinheiro<br \/>\ntamb\u00e9m foi usada para compra de materiais de escrit\u00f3rio, papelaria e inform\u00e1tica. A presta\u00e7\u00e3o de contas, por\u00e9m, tem ind\u00edcios de fraudes.<\/p>\n<p style=\"text-align: left;\">Estripulias 3<br \/>\nOs materiais foram comprados numa mesma empresa, a Planeta Papel, que \u00e9 o nome fantasia da firma M.N. da S. Motta-ME. O mesmo produto comprado na mesma \u00e9poca chegou a apresentar diferen\u00e7a de pre\u00e7os superior a 100 %. A \u201ccaixa organizadora\u201d, por exemplo, que saiu por R$ 13,40 na compra de fevereiro, foi adquirida em mar\u00e7o por R$ 27,35.<\/p>\n<p style=\"text-align: left;\">Estripulias 4<br \/>\nO caso mais grave, por\u00e9m, ocorreu na compra da caixa de grampo para grampeador. Ela custou R$ 20,60 em 7 de fevereiro e quatro<br \/>\ndias depois foi comprada por R$ 5,70 reais. \u201c\u00c9 um caso digno de representa\u00e7\u00e3o ao MP&#8221;, comenta Tia Anast\u00e1cia.<\/p>\n<p style=\"text-align: left;\">Mochilas: compra foi legal 1<br \/>\nCorregedoria Geral do Estado conclui que n\u00e3o houve qualquer ilegalidade na compra de mochilas pela Funda\u00e7\u00e3o para o Desenvolvimento da Educa\u00e7\u00e3o \u2013 FDE. Pelo contr\u00e1rio. CONTATO apurou que o relat\u00f3rio \u00e9 favor\u00e1vel ao ex-prefeito Bernardo Ortiz, ent\u00e3o presidente da FDE naquele per\u00edodo: houve economia para o estado e n\u00e3o foi encontrada qualquer falha no processo<br \/>\nlicitat\u00f3rio.<\/p>\n<p style=\"text-align: left;\">Mochilas: compra foi legal 2<br \/>\nA \u00fanica ressalva feita pela Corregedoria diz respeito \u00e0 lentid\u00e3o no processo de apura\u00e7\u00e3o por parte da pr\u00f3pria FDE. Justificativa: Gladiwa Ribeiro, ent\u00e3o chefe de Gabinete de Bernardo, teria levado os processos internos para casa quando foi afastada por motivo de sa\u00fade. A Corregedoria integra a Casa Civil do Estado de S\u00e3o Paulo e est\u00e1 vinculada diretamente ao Gabinete do Governador.<\/p>\n<p style=\"text-align: left;\"><a href=\"http:\/\/jornalcontato.com.br\/home\/wp-content\/uploads\/2013\/04\/592.jpg\"><img loading=\"lazy\" decoding=\"async\" class=\"aligncenter size-medium wp-image-5469\" title=\"592\" src=\"http:\/\/jornalcontato.com.br\/home\/wp-content\/uploads\/2013\/04\/592-262x300.jpg\" alt=\"\" width=\"262\" height=\"300\" srcset=\"https:\/\/jornalcontato.com.br\/home\/wp-content\/uploads\/2013\/04\/592-262x300.jpg 262w, https:\/\/jornalcontato.com.br\/home\/wp-content\/uploads\/2013\/04\/592.jpg 780w\" sizes=\"auto, (max-width: 262px) 100vw, 262px\" \/><\/a><\/p>\n","protected":false},"excerpt":{"rendered":"","protected":false},"author":1,"featured_media":5470,"comment_status":"open","ping_status":"open","sticky":false,"template":"","format":"standard","meta":{"footnotes":""},"categories":[7],"tags":[],"class_list":["post-5468","post","type-post","status-publish","format-standard","has-post-thumbnail","hentry","category-reportagem"],"_links":{"self":[{"href":"https:\/\/www.jornalcontato.com.br\/home\/index.php\/wp-json\/wp\/v2\/posts\/5468","targetHints":{"allow":["GET"]}}],"collection":[{"href":"https:\/\/www.jornalcontato.com.br\/home\/index.php\/wp-json\/wp\/v2\/posts"}],"about":[{"href":"https:\/\/www.jornalcontato.com.br\/home\/index.php\/wp-json\/wp\/v2\/types\/post"}],"author":[{"embeddable":true,"href":"https:\/\/www.jornalcontato.com.br\/home\/index.php\/wp-json\/wp\/v2\/users\/1"}],"replies":[{"embeddable":true,"href":"https:\/\/www.jornalcontato.com.br\/home\/index.php\/wp-json\/wp\/v2\/comments?post=5468"}],"version-history":[{"count":4,"href":"https:\/\/www.jornalcontato.com.br\/home\/index.php\/wp-json\/wp\/v2\/posts\/5468\/revisions"}],"predecessor-version":[{"id":5472,"href":"https:\/\/www.jornalcontato.com.br\/home\/index.php\/wp-json\/wp\/v2\/posts\/5468\/revisions\/5472"}],"wp:featuredmedia":[{"embeddable":true,"href":"https:\/\/www.jornalcontato.com.br\/home\/index.php\/wp-json\/wp\/v2\/media\/5470"}],"wp:attachment":[{"href":"https:\/\/www.jornalcontato.com.br\/home\/index.php\/wp-json\/wp\/v2\/media?parent=5468"}],"wp:term":[{"taxonomy":"category","embeddable":true,"href":"https:\/\/www.jornalcontato.com.br\/home\/index.php\/wp-json\/wp\/v2\/categories?post=5468"},{"taxonomy":"post_tag","embeddable":true,"href":"https:\/\/www.jornalcontato.com.br\/home\/index.php\/wp-json\/wp\/v2\/tags?post=5468"}],"curies":[{"name":"wp","href":"https:\/\/api.w.org\/{rel}","templated":true}]}}