{"id":5421,"date":"2013-04-22T16:33:26","date_gmt":"2013-04-22T19:33:26","guid":{"rendered":"http:\/\/jornalcontato.com.br\/home\/?p=5421"},"modified":"2016-04-06T15:23:29","modified_gmt":"2016-04-06T18:23:29","slug":"comecou-processo-eleitoral-no-sindicato-dos-metalurgicos-de-taubate","status":"publish","type":"post","link":"https:\/\/www.jornalcontato.com.br\/home\/index.php\/comecou-processo-eleitoral-no-sindicato-dos-metalurgicos-de-taubate\/","title":{"rendered":"Come\u00e7ou processo eleitoral no Sindicato dos Metal\u00fargicos de Taubat\u00e9"},"content":{"rendered":"<p>No \u00faltimo domingo, dia 21, o Sindicato dos Metal\u00fargicos de Taubat\u00e9 realizou a assembleia que in\u00edcio ao processo eleitoral que definir\u00e1 os membros da diretoria da entidade para a gest\u00e3o 2013\/2017.<\/p>\n<p>As elei\u00e7\u00f5es ocorrer\u00e3o nos dias 22, 23 e 24 de maio (para o 1\u00ba turno) e nos dias 26, 27 e 28 de junho (para o 2\u00ba turno).<\/p>\n<p>Na assembleia foram aprovados os membros da Comiss\u00e3o respons\u00e1vel pelo processo eleitoral. A situa\u00e7\u00e3o conseguiu eleger seus membros, representados por Gon\u00e7alo Campos Filho, Paulo Sergio Ribeiro e Isaac do Carmo.<\/p>\n<p>Foi aprovada tamb\u00e9m a rela\u00e7\u00e3o das empresas que eleger\u00e3o no primeiro turno os Comit\u00eas Sindicais, s\u00e3o elas Aethra, Alstom, Araya, Autoliv, Cameron, Comau, Componentes Automotivos Taubat\u00e9, Daido, Daruma, Ford, Gestamp, Getamp 2, Iramec, LG Electronics, Mubea, SM Sistema Modulares, Schenellecke, Usiminas, Volkswagen e Comite Sindical dos Aposentados.<\/p>\n","protected":false},"excerpt":{"rendered":"<p>No \u00faltimo domingo, dia 21, o Sindicato dos Metal\u00fargicos de Taubat\u00e9 realizou a assembleia que in\u00edcio ao processo eleitoral que definir\u00e1 os membros da diretoria &#8230;<\/p>\n","protected":false},"author":1,"featured_media":5422,"comment_status":"open","ping_status":"open","sticky":false,"template":"","format":"standard","meta":{"footnotes":""},"categories":[29,7],"tags":[],"class_list":["post-5421","post","type-post","status-publish","format-standard","has-post-thumbnail","hentry","category-regional","category-reportagem"],"_links":{"self":[{"href":"https:\/\/www.jornalcontato.com.br\/home\/index.php\/wp-json\/wp\/v2\/posts\/5421","targetHints":{"allow":["GET"]}}],"collection":[{"href":"https:\/\/www.jornalcontato.com.br\/home\/index.php\/wp-json\/wp\/v2\/posts"}],"about":[{"href":"https:\/\/www.jornalcontato.com.br\/home\/index.php\/wp-json\/wp\/v2\/types\/post"}],"author":[{"embeddable":true,"href":"https:\/\/www.jornalcontato.com.br\/home\/index.php\/wp-json\/wp\/v2\/users\/1"}],"replies":[{"embeddable":true,"href":"https:\/\/www.jornalcontato.com.br\/home\/index.php\/wp-json\/wp\/v2\/comments?post=5421"}],"version-history":[{"count":3,"href":"https:\/\/www.jornalcontato.com.br\/home\/index.php\/wp-json\/wp\/v2\/posts\/5421\/revisions"}],"predecessor-version":[{"id":11129,"href":"https:\/\/www.jornalcontato.com.br\/home\/index.php\/wp-json\/wp\/v2\/posts\/5421\/revisions\/11129"}],"wp:featuredmedia":[{"embeddable":true,"href":"https:\/\/www.jornalcontato.com.br\/home\/index.php\/wp-json\/wp\/v2\/media\/5422"}],"wp:attachment":[{"href":"https:\/\/www.jornalcontato.com.br\/home\/index.php\/wp-json\/wp\/v2\/media?parent=5421"}],"wp:term":[{"taxonomy":"category","embeddable":true,"href":"https:\/\/www.jornalcontato.com.br\/home\/index.php\/wp-json\/wp\/v2\/categories?post=5421"},{"taxonomy":"post_tag","embeddable":true,"href":"https:\/\/www.jornalcontato.com.br\/home\/index.php\/wp-json\/wp\/v2\/tags?post=5421"}],"curies":[{"name":"wp","href":"https:\/\/api.w.org\/{rel}","templated":true}]}}