{"id":5370,"date":"2013-04-01T17:21:53","date_gmt":"2013-04-01T20:21:53","guid":{"rendered":"http:\/\/jornalcontato.com.br\/home\/?p=5370"},"modified":"2013-04-23T14:18:48","modified_gmt":"2013-04-23T17:18:48","slug":"obra-egoista-prejudica-a-comunidade-no-parque-tres-marias","status":"publish","type":"post","link":"https:\/\/www.jornalcontato.com.br\/home\/index.php\/obra-egoista-prejudica-a-comunidade-no-parque-tres-marias\/","title":{"rendered":"Obra ego\u00edsta prejudica a comunidade no Parque Tr\u00eas Marias"},"content":{"rendered":"<p>At\u00e9 que ponto o ego\u00edsmo de uma pessoa prejudica sua comunidade? Na Rua Ismael Pereira de Faria, no Parque Tr\u00eas Marias, os moradores est\u00e3o enfrentando s\u00e9rios problemas com as enchentes cada vez mais constantes.<\/p>\n<p>Para solucionar o problemas, os moradores investigaram a causa, e descobriram que um morador da rua simplesmente fechou (com cimento) a boca de lobo em frente ao seu port\u00e3o. A primeira foto como o local era e a segunda mostra como o local est\u00e1.<\/p>\n<p><a href=\"http:\/\/jornalcontato.com.br\/home\/wp-content\/uploads\/2013\/04\/Sem-2.jpg\"><img loading=\"lazy\" decoding=\"async\" class=\"aligncenter size-medium wp-image-5371\" title=\"Sem 2\" src=\"http:\/\/jornalcontato.com.br\/home\/wp-content\/uploads\/2013\/04\/Sem-2-300x185.jpg\" alt=\"\" width=\"300\" height=\"185\" srcset=\"https:\/\/jornalcontato.com.br\/home\/wp-content\/uploads\/2013\/04\/Sem-2-300x185.jpg 300w, https:\/\/jornalcontato.com.br\/home\/wp-content\/uploads\/2013\/04\/Sem-2.jpg 621w\" sizes=\"auto, (max-width: 300px) 100vw, 300px\" \/><\/a><\/p>\n<p><a href=\"http:\/\/jornalcontato.com.br\/home\/wp-content\/uploads\/2013\/04\/g.jpg\"><img loading=\"lazy\" decoding=\"async\" class=\"aligncenter size-medium wp-image-5376\" title=\"g\" src=\"http:\/\/jornalcontato.com.br\/home\/wp-content\/uploads\/2013\/04\/g-300x224.jpg\" alt=\"\" width=\"300\" height=\"224\" srcset=\"https:\/\/jornalcontato.com.br\/home\/wp-content\/uploads\/2013\/04\/g-300x224.jpg 300w, https:\/\/jornalcontato.com.br\/home\/wp-content\/uploads\/2013\/04\/g-560x420.jpg 560w, https:\/\/jornalcontato.com.br\/home\/wp-content\/uploads\/2013\/04\/g.jpg 631w\" sizes=\"auto, (max-width: 300px) 100vw, 300px\" \/><\/a><\/p>\n<p>&nbsp;<\/p>\n","protected":false},"excerpt":{"rendered":"<p>At\u00e9 que ponto o ego\u00edsmo de uma pessoa prejudica sua comunidade? Na Rua Ismael Pereira de Faria, no Parque Tr\u00eas Marias, os moradores est\u00e3o enfrentando &#8230;<\/p>\n","protected":false},"author":1,"featured_media":5379,"comment_status":"open","ping_status":"open","sticky":false,"template":"","format":"standard","meta":{"footnotes":""},"categories":[7],"tags":[],"class_list":["post-5370","post","type-post","status-publish","format-standard","has-post-thumbnail","hentry","category-reportagem"],"_links":{"self":[{"href":"https:\/\/www.jornalcontato.com.br\/home\/index.php\/wp-json\/wp\/v2\/posts\/5370","targetHints":{"allow":["GET"]}}],"collection":[{"href":"https:\/\/www.jornalcontato.com.br\/home\/index.php\/wp-json\/wp\/v2\/posts"}],"about":[{"href":"https:\/\/www.jornalcontato.com.br\/home\/index.php\/wp-json\/wp\/v2\/types\/post"}],"author":[{"embeddable":true,"href":"https:\/\/www.jornalcontato.com.br\/home\/index.php\/wp-json\/wp\/v2\/users\/1"}],"replies":[{"embeddable":true,"href":"https:\/\/www.jornalcontato.com.br\/home\/index.php\/wp-json\/wp\/v2\/comments?post=5370"}],"version-history":[{"count":3,"href":"https:\/\/www.jornalcontato.com.br\/home\/index.php\/wp-json\/wp\/v2\/posts\/5370\/revisions"}],"predecessor-version":[{"id":5381,"href":"https:\/\/www.jornalcontato.com.br\/home\/index.php\/wp-json\/wp\/v2\/posts\/5370\/revisions\/5381"}],"wp:featuredmedia":[{"embeddable":true,"href":"https:\/\/www.jornalcontato.com.br\/home\/index.php\/wp-json\/wp\/v2\/media\/5379"}],"wp:attachment":[{"href":"https:\/\/www.jornalcontato.com.br\/home\/index.php\/wp-json\/wp\/v2\/media?parent=5370"}],"wp:term":[{"taxonomy":"category","embeddable":true,"href":"https:\/\/www.jornalcontato.com.br\/home\/index.php\/wp-json\/wp\/v2\/categories?post=5370"},{"taxonomy":"post_tag","embeddable":true,"href":"https:\/\/www.jornalcontato.com.br\/home\/index.php\/wp-json\/wp\/v2\/tags?post=5370"}],"curies":[{"name":"wp","href":"https:\/\/api.w.org\/{rel}","templated":true}]}}