{"id":5256,"date":"2013-04-09T11:28:32","date_gmt":"2013-04-09T14:28:32","guid":{"rendered":"http:\/\/jornalcontato.com.br\/home\/?p=5256"},"modified":"2016-04-06T15:25:31","modified_gmt":"2016-04-06T18:25:31","slug":"acao-social-campanha-do-agasalho-na-via-dutra","status":"publish","type":"post","link":"https:\/\/www.jornalcontato.com.br\/home\/index.php\/acao-social-campanha-do-agasalho-na-via-dutra\/","title":{"rendered":"A\u00e7\u00e3o social: campanha do agasalho na Via Dutra"},"content":{"rendered":"<p>A empresa CCR NovaDutra, que administra a Rodovia Presidente Dutra, deu in\u00edcio \u00e0 sua Campanha do Agasalho pelo segundo ano consecutivo. A a\u00e7\u00e3o tem como objetivo envolver os usu\u00e1rios da rodovia. A campanha acontece at\u00e9 o dia 26 de maio. Em 2012, foram coletadas mais de 2.600 pe\u00e7as.<\/p>\n<p><strong>Confira onde est\u00e3o localizados os postos de coleta:<\/strong><\/p>\n<p><strong>Bases Operacionais do SOS Usu\u00e1rio<\/strong>\u00a0&#8211; Vila Maria (SP), km 230, sentido SP;\u00a0 Aruj\u00e1 (SP), km 202, sentido RJ;\u00a0 S\u00e3o Jos\u00e9 dos Campos (SP), km 156, sentido SP;\u00a0 Pindamonhangaba (SP), km 99, sentido SP;\u00a0 Lorena (SP), km 52, sentido RJ; Lavrinhas (SP), km 18, sentido RJ; Penedo (RJ), km 311, sentido SP; Volta Redonda (RJ), km 258, SP;\u00a0 Cai\u00e7ara (RJ), km 227, sentido RJ; Serop\u00e9dica (RJ), km 206, sentido SP e Pavuna (RJ), km 166, sentido SP.<\/p>\n<p><strong>Postos da Rede Graal<\/strong>\u00a0\u2013 Graal Clube dos 500, km 59,5 da Via Dutra, sentido RJ, Guaratinguet\u00e1 (SP); Graal Tr\u00eas Gar\u00e7as, km 58,6 da Via Dutra, sentido SP, Guaratinguet\u00e1 (SP); Graal Alem\u00e3o, km 11 da Dutra, sentido RJ, Queluz (SP); Graal Estrela, km 6,1 da Dutra, sentido RJ, Queluz (SP); Graal Itatiaia, km 316,5 da Dutra, sentido SP, Itatiaia (RJ); Shopping Resende Graal, km 304,4, sentido SP, Resende (RJ) e Graal Embaixador, km 299 da Dutra, sentido SP, Resende (RJ).<\/p>\n<p>&nbsp;<\/p>\n","protected":false},"excerpt":{"rendered":"<p>A empresa CCR NovaDutra, que administra a Rodovia Presidente Dutra, deu in\u00edcio \u00e0 sua Campanha do Agasalho pelo segundo ano consecutivo. A a\u00e7\u00e3o tem como &#8230;<\/p>\n","protected":false},"author":1,"featured_media":5257,"comment_status":"open","ping_status":"open","sticky":false,"template":"","format":"standard","meta":{"footnotes":""},"categories":[29,7],"tags":[],"class_list":["post-5256","post","type-post","status-publish","format-standard","has-post-thumbnail","hentry","category-regional","category-reportagem"],"_links":{"self":[{"href":"https:\/\/www.jornalcontato.com.br\/home\/index.php\/wp-json\/wp\/v2\/posts\/5256","targetHints":{"allow":["GET"]}}],"collection":[{"href":"https:\/\/www.jornalcontato.com.br\/home\/index.php\/wp-json\/wp\/v2\/posts"}],"about":[{"href":"https:\/\/www.jornalcontato.com.br\/home\/index.php\/wp-json\/wp\/v2\/types\/post"}],"author":[{"embeddable":true,"href":"https:\/\/www.jornalcontato.com.br\/home\/index.php\/wp-json\/wp\/v2\/users\/1"}],"replies":[{"embeddable":true,"href":"https:\/\/www.jornalcontato.com.br\/home\/index.php\/wp-json\/wp\/v2\/comments?post=5256"}],"version-history":[{"count":4,"href":"https:\/\/www.jornalcontato.com.br\/home\/index.php\/wp-json\/wp\/v2\/posts\/5256\/revisions"}],"predecessor-version":[{"id":11157,"href":"https:\/\/www.jornalcontato.com.br\/home\/index.php\/wp-json\/wp\/v2\/posts\/5256\/revisions\/11157"}],"wp:featuredmedia":[{"embeddable":true,"href":"https:\/\/www.jornalcontato.com.br\/home\/index.php\/wp-json\/wp\/v2\/media\/5257"}],"wp:attachment":[{"href":"https:\/\/www.jornalcontato.com.br\/home\/index.php\/wp-json\/wp\/v2\/media?parent=5256"}],"wp:term":[{"taxonomy":"category","embeddable":true,"href":"https:\/\/www.jornalcontato.com.br\/home\/index.php\/wp-json\/wp\/v2\/categories?post=5256"},{"taxonomy":"post_tag","embeddable":true,"href":"https:\/\/www.jornalcontato.com.br\/home\/index.php\/wp-json\/wp\/v2\/tags?post=5256"}],"curies":[{"name":"wp","href":"https:\/\/api.w.org\/{rel}","templated":true}]}}