{"id":5141,"date":"2013-04-03T15:14:01","date_gmt":"2013-04-03T18:14:01","guid":{"rendered":"http:\/\/jornalcontato.com.br\/home\/?p=5141"},"modified":"2016-04-06T15:25:37","modified_gmt":"2016-04-06T18:25:37","slug":"plantao-de-duvidas-sobre-imposto-de-renda-no-taubate-shopping","status":"publish","type":"post","link":"https:\/\/www.jornalcontato.com.br\/home\/index.php\/plantao-de-duvidas-sobre-imposto-de-renda-no-taubate-shopping\/","title":{"rendered":"Plant\u00e3o de D\u00favidas sobre Imposto de Renda no Taubat\u00e9 Shopping"},"content":{"rendered":"<p style=\"text-align: left;\" align=\"center\">Em parceria com o Sindicato dos Contabilistas de Taubat\u00e9 e Regi\u00e3o, o Taubat\u00e9 Shopping\u00a0vai oferecer ao p\u00fablico, entre os dias 5 e 6 de abril, o 6\u00ba Plant\u00e3o de D\u00favidas do Imposto de Renda.<\/p>\n<p>Um estande ser\u00e1 montado entre as lojas GoldFinger e Oi, com hor\u00e1rio de funcionamento das 10h \u00e0s 22h. Cerca de 10 profissionais do sindicato deve atuar em tempo integral. A equipe contar\u00e1 com manuais e simuladores para tirar d\u00favidas e apresentar as melhores formas de o contribuinte declarar.<\/p>\n<p>A expectativa \u00e9 que mais de 200 pessoas passem pelo local, tendo em vista a alta procura na edi\u00e7\u00e3o passada.<\/p>\n<p><strong>DECLARA\u00c7\u00c3O<\/strong> &#8211; S\u00e3o obrigados a declarar todos que receberam\u00a0ao longo de\u00a02012 mais de R$\u00a024.556,65 em rendimentos tribut\u00e1veis e\/ou propriet\u00e1rios de bens ou terrenos avaliados acima de R$300 mil. Quem\u00a0perder o prazo pagar\u00e1 multa m\u00ednima \u00e9 de R$\u00a0165,74 e m\u00e1xima de 20% sobre o imposto devido. E a retifica\u00e7\u00e3o pode ser feita at\u00e9 cinco anos depois, embora ap\u00f3s o prazo limite (30 de abril) n\u00e3o seja mais permitido mudar o modelo da declara\u00e7\u00e3o, de completo para simplificado ou o contr\u00e1rio. Cerca de 26 milh\u00f5es de brasileiros devem entregar, at\u00e9 o dia 30 de abril, as declara\u00e7\u00f5es do Imposto de Renda referentes a 2012. Mais informa\u00e7\u00f5es na p\u00e1gina da Receita Federal\u00a0<a href=\"http:\/\/www.receita.fazenda.gov.br\/\" target=\"_blank\">www.receita.fazenda.gov.br\/<\/a><\/p>\n","protected":false},"excerpt":{"rendered":"<p>Em parceria com o Sindicato dos Contabilistas de Taubat\u00e9 e Regi\u00e3o, o Taubat\u00e9 Shopping\u00a0vai oferecer ao p\u00fablico, entre os dias 5 e 6 de abril, &#8230;<\/p>\n","protected":false},"author":1,"featured_media":5142,"comment_status":"open","ping_status":"open","sticky":false,"template":"","format":"standard","meta":{"footnotes":""},"categories":[29,7],"tags":[],"class_list":["post-5141","post","type-post","status-publish","format-standard","has-post-thumbnail","hentry","category-regional","category-reportagem"],"_links":{"self":[{"href":"https:\/\/www.jornalcontato.com.br\/home\/index.php\/wp-json\/wp\/v2\/posts\/5141","targetHints":{"allow":["GET"]}}],"collection":[{"href":"https:\/\/www.jornalcontato.com.br\/home\/index.php\/wp-json\/wp\/v2\/posts"}],"about":[{"href":"https:\/\/www.jornalcontato.com.br\/home\/index.php\/wp-json\/wp\/v2\/types\/post"}],"author":[{"embeddable":true,"href":"https:\/\/www.jornalcontato.com.br\/home\/index.php\/wp-json\/wp\/v2\/users\/1"}],"replies":[{"embeddable":true,"href":"https:\/\/www.jornalcontato.com.br\/home\/index.php\/wp-json\/wp\/v2\/comments?post=5141"}],"version-history":[{"count":4,"href":"https:\/\/www.jornalcontato.com.br\/home\/index.php\/wp-json\/wp\/v2\/posts\/5141\/revisions"}],"predecessor-version":[{"id":11158,"href":"https:\/\/www.jornalcontato.com.br\/home\/index.php\/wp-json\/wp\/v2\/posts\/5141\/revisions\/11158"}],"wp:featuredmedia":[{"embeddable":true,"href":"https:\/\/www.jornalcontato.com.br\/home\/index.php\/wp-json\/wp\/v2\/media\/5142"}],"wp:attachment":[{"href":"https:\/\/www.jornalcontato.com.br\/home\/index.php\/wp-json\/wp\/v2\/media?parent=5141"}],"wp:term":[{"taxonomy":"category","embeddable":true,"href":"https:\/\/www.jornalcontato.com.br\/home\/index.php\/wp-json\/wp\/v2\/categories?post=5141"},{"taxonomy":"post_tag","embeddable":true,"href":"https:\/\/www.jornalcontato.com.br\/home\/index.php\/wp-json\/wp\/v2\/tags?post=5141"}],"curies":[{"name":"wp","href":"https:\/\/api.w.org\/{rel}","templated":true}]}}