{"id":5133,"date":"2013-04-03T12:42:19","date_gmt":"2013-04-03T15:42:19","guid":{"rendered":"http:\/\/jornalcontato.com.br\/home\/?p=5133"},"modified":"2013-04-16T13:57:57","modified_gmt":"2013-04-16T16:57:57","slug":"grosseria-politica-aldineia-e-sumariamente-exonerada","status":"publish","type":"post","link":"https:\/\/www.jornalcontato.com.br\/home\/index.php\/grosseria-politica-aldineia-e-sumariamente-exonerada\/","title":{"rendered":"Grosseria pol\u00edtica: Aldin\u00e9ia \u00e9 sumariamente exonerada"},"content":{"rendered":"<p><!--more-->Sem qualquer explica\u00e7\u00e3o, a secret\u00e1ria de Sa\u00fade, Aldin\u00e9ia Martins, foi exonerada pelo prefeito Ortiz J\u00fanior (PSDB).\u00a0\u00c9 o que informa nota enviada hoje, dia 3, pelo Departamento de Comunica\u00e7\u00e3o, reproduzida abaixo.<\/p>\n<p>Em contato telef\u00f4nico, Aldin\u00e9ia informou que desconhece o motivo de sua exonera\u00e7\u00e3o, uma vez que o prefeito se encontra em Bras\u00edlia e que nenhuma das pessoas mais pr\u00f3ximas a ele, Ortiz J\u00fanior (PSDB), sabia de qualquer explica\u00e7\u00e3o ou justificativa para a medida. Assim agindo, o chefe do poder Executivo poder\u00e1 provocar uma desconfort\u00e1vel e perigosa inseguran\u00e7a no meio dos assessores de primeiro escal\u00e3o.<\/p>\n<p>As \u00fanicas especula\u00e7\u00f5es at\u00e9 o momento para a sa\u00edda da Secret\u00e1ria de Sa\u00fade s\u00e3o o fato de o Legislativo n\u00e3o aprovar a contrata\u00e7\u00e3o de Organiza\u00e7\u00f5es Sociais para gerir a Sa\u00fade e supostos problemas de relacionamento da secret\u00e1ria com o funcionalismo.<\/p>\n<p>Abaixo, a nota \u00e0 imprensa divulgada pela assessoria de comunica\u00e7\u00e3o<\/p>\n<p><em>A Secret\u00e1ria de Sa\u00fade, Dra. Aldin\u00e9ia Martins foi exonerada nesta quarta-feira, dia 3. Em carta, ela foi informada de que mudan\u00e7as no quadro de pessoal de provimento em comiss\u00e3o est\u00e3o sendo realizadas para dar continuidade ao Plano de Governo desta administra\u00e7\u00e3o.<\/em><\/p>\n<p><em>A prefeitura agradece pelos trabalhos desempenhados pela ex-secret\u00e1ria durante o tempo de colabora\u00e7\u00e3o.<\/em><\/p>\n<p><em>O novo secret\u00e1rio (a) ser\u00e1 anunciado at\u00e9 o final de semana.<\/em><\/p>\n<p><em>Departamento de Comunica\u00e7\u00e3o<\/em><\/p>\n<p><em>Prefeitura de Taubat\u00e9<\/em><\/p>\n<p><strong>SEGUNDA BAIXA &#8211;<\/strong> Trata-se da segunda baixa na administra\u00e7\u00e3o de Ortiz J\u00fanior (PSDB) em menos de 100 dias de governo. No dia 5 de mar\u00e7o, o ent\u00e3o secret\u00e1rio de servi\u00e7os urbanos, engenheiro Emerson Tanaka, pedira exonera\u00e7\u00e3o do cargo. Segundo a vers\u00e3o oficial divulgada \u00e0 \u00e9poca, o engenheiro disse ao prefeito que n\u00e3o compensava ser secret\u00e1rio em Taubat\u00e9 devido \u00e0 baixa remunera\u00e7\u00e3o e \u00e0 falta de condi\u00e7\u00f5es para trabalhar (leia-se sucateamento dos bens da administra\u00e7\u00e3o municipal).<\/p>\n","protected":false},"excerpt":{"rendered":"","protected":false},"author":1,"featured_media":5138,"comment_status":"open","ping_status":"open","sticky":false,"template":"","format":"standard","meta":{"footnotes":""},"categories":[7],"tags":[],"class_list":["post-5133","post","type-post","status-publish","format-standard","has-post-thumbnail","hentry","category-reportagem"],"_links":{"self":[{"href":"https:\/\/www.jornalcontato.com.br\/home\/index.php\/wp-json\/wp\/v2\/posts\/5133","targetHints":{"allow":["GET"]}}],"collection":[{"href":"https:\/\/www.jornalcontato.com.br\/home\/index.php\/wp-json\/wp\/v2\/posts"}],"about":[{"href":"https:\/\/www.jornalcontato.com.br\/home\/index.php\/wp-json\/wp\/v2\/types\/post"}],"author":[{"embeddable":true,"href":"https:\/\/www.jornalcontato.com.br\/home\/index.php\/wp-json\/wp\/v2\/users\/1"}],"replies":[{"embeddable":true,"href":"https:\/\/www.jornalcontato.com.br\/home\/index.php\/wp-json\/wp\/v2\/comments?post=5133"}],"version-history":[{"count":6,"href":"https:\/\/www.jornalcontato.com.br\/home\/index.php\/wp-json\/wp\/v2\/posts\/5133\/revisions"}],"predecessor-version":[{"id":5137,"href":"https:\/\/www.jornalcontato.com.br\/home\/index.php\/wp-json\/wp\/v2\/posts\/5133\/revisions\/5137"}],"wp:featuredmedia":[{"embeddable":true,"href":"https:\/\/www.jornalcontato.com.br\/home\/index.php\/wp-json\/wp\/v2\/media\/5138"}],"wp:attachment":[{"href":"https:\/\/www.jornalcontato.com.br\/home\/index.php\/wp-json\/wp\/v2\/media?parent=5133"}],"wp:term":[{"taxonomy":"category","embeddable":true,"href":"https:\/\/www.jornalcontato.com.br\/home\/index.php\/wp-json\/wp\/v2\/categories?post=5133"},{"taxonomy":"post_tag","embeddable":true,"href":"https:\/\/www.jornalcontato.com.br\/home\/index.php\/wp-json\/wp\/v2\/tags?post=5133"}],"curies":[{"name":"wp","href":"https:\/\/api.w.org\/{rel}","templated":true}]}}