{"id":5089,"date":"2013-03-28T19:10:24","date_gmt":"2013-03-28T22:10:24","guid":{"rendered":"http:\/\/jornalcontato.com.br\/home\/?p=5089"},"modified":"2013-04-09T09:39:41","modified_gmt":"2013-04-09T12:39:41","slug":"edicao-588-do-jornal-contato","status":"publish","type":"post","link":"https:\/\/www.jornalcontato.com.br\/home\/index.php\/edicao-588-do-jornal-contato\/","title":{"rendered":"Edi\u00e7\u00e3o 588 do Jornal CONTATO"},"content":{"rendered":"<p><!--more-->Confira os temperos de Tia Anast\u00e1cia para a edi\u00e7\u00e3o 588 do Jornal CONTATO<\/p>\n<p><strong>Dito e feito 1 <\/strong><br \/>\nNa edi\u00e7\u00e3o 585, Tia Anast\u00e1cia revelou a mobiliza\u00e7\u00e3o da c\u00fapula do Pal\u00e1cio Bom Conselho para colocar na rua um jornal chamado<br \/>\n\u201cInfotau\u201d, que teria jeito de empresa jornal\u00edstica s\u00e9ria e independente, mas que seria vinculada aos palacianos.<\/p>\n<p><strong>Dito e feito 2<\/strong><br \/>\nNa sua primeira edi\u00e7\u00e3o em mar\u00e7o de 2013, \u201cInfotau\u201d saiu com quatro p\u00e1ginas coloridas e tiragem de 10 mil com distribui\u00e7\u00e3o gratuita. Um dado curioso: o \u00fanico an\u00fancio veiculado pela m\u00eddia \u00e9 o da empresa de fotografia e filmagens de propriedade de M\u00e1rcia Regina, que aparece como diretora de arte do jornal.<\/p>\n<p><strong>Dito e feito 3<\/strong><br \/>\nProcurada, Regina disse que o \u201cInfotau\u201d \u00e9 de sua propriedade, \u201ctotalmente particular, sem nenhum v\u00ednculo com a prefeitura. Fui motivada a fazer isso, pois os grandes jornais s\u00e3o elitistas e n\u00e3o defendem os problemas reais da comunidade. O nosso informativo defende a comunidade\u201d. Mas, na primeira p\u00e1gina da publica\u00e7\u00e3o tem um artigo com foto, de quase meia p\u00e1gina, de autoria de Diego Ortiz, irm\u00e3o do prefeito e cotado para ser candidato a deputado em 2014.<\/p>\n<p><strong>Em cima da hora 1<\/strong><br \/>\nO ex-presidente Lula estaria sofrendo novamente graves problemas de sa\u00fade. Recentemente, por duas vezes, sempre no meio de madrugada e dentro de uma ambul\u00e2ncia bem equipada, Lula teria ido \u00e0 emerg\u00eancia do Hospital S\u00edrio-Liban\u00eas, em S\u00e3o Paulo. O problema dele agora seria um n\u00f3dulo no pulm\u00e3o.<\/p>\n<p><strong>Em cima da hora 2<\/strong><br \/>\nEspecula-se que o novo c\u00e2ncer pode ser uma met\u00e1stase ocorrida a partir do enorme tumor na laringe, considerado curado pela equipe do m\u00e9dico Roberto Kalil. A \u00e1rea de intelig\u00eancia do Ex\u00e9rcito j\u00e1 saberia do novo problema que \u00e9 mantido em segredo a sete chaves. A informa\u00e7\u00e3o vazou por m\u00e9dicos e funcion\u00e1rios do hospital. Um dirigente de uma grande transnacional, que tem rela\u00e7\u00f5es muito pr\u00f3ximas com a \u00e1rea militar de intelig\u00eancia, confirmou a informa\u00e7\u00e3o classificada de 1-A-1 pelos militares.<\/p>\n<p><a href=\"http:\/\/jornalcontato.com.br\/home\/wp-content\/uploads\/2013\/03\/5881.jpg\"><img loading=\"lazy\" decoding=\"async\" class=\"aligncenter size-medium wp-image-5091\" title=\"588\" src=\"http:\/\/jornalcontato.com.br\/home\/wp-content\/uploads\/2013\/03\/5881-262x300.jpg\" alt=\"\" width=\"262\" height=\"300\" srcset=\"https:\/\/jornalcontato.com.br\/home\/wp-content\/uploads\/2013\/03\/5881-262x300.jpg 262w, https:\/\/jornalcontato.com.br\/home\/wp-content\/uploads\/2013\/03\/5881.jpg 780w\" sizes=\"auto, (max-width: 262px) 100vw, 262px\" \/><\/a><\/p>\n<p>&nbsp;<\/p>\n<p>&nbsp;<\/p>\n<p>&nbsp;<\/p>\n","protected":false},"excerpt":{"rendered":"","protected":false},"author":1,"featured_media":5092,"comment_status":"open","ping_status":"open","sticky":false,"template":"","format":"standard","meta":{"footnotes":""},"categories":[7],"tags":[],"class_list":["post-5089","post","type-post","status-publish","format-standard","has-post-thumbnail","hentry","category-reportagem"],"_links":{"self":[{"href":"https:\/\/www.jornalcontato.com.br\/home\/index.php\/wp-json\/wp\/v2\/posts\/5089","targetHints":{"allow":["GET"]}}],"collection":[{"href":"https:\/\/www.jornalcontato.com.br\/home\/index.php\/wp-json\/wp\/v2\/posts"}],"about":[{"href":"https:\/\/www.jornalcontato.com.br\/home\/index.php\/wp-json\/wp\/v2\/types\/post"}],"author":[{"embeddable":true,"href":"https:\/\/www.jornalcontato.com.br\/home\/index.php\/wp-json\/wp\/v2\/users\/1"}],"replies":[{"embeddable":true,"href":"https:\/\/www.jornalcontato.com.br\/home\/index.php\/wp-json\/wp\/v2\/comments?post=5089"}],"version-history":[{"count":3,"href":"https:\/\/www.jornalcontato.com.br\/home\/index.php\/wp-json\/wp\/v2\/posts\/5089\/revisions"}],"predecessor-version":[{"id":5094,"href":"https:\/\/www.jornalcontato.com.br\/home\/index.php\/wp-json\/wp\/v2\/posts\/5089\/revisions\/5094"}],"wp:featuredmedia":[{"embeddable":true,"href":"https:\/\/www.jornalcontato.com.br\/home\/index.php\/wp-json\/wp\/v2\/media\/5092"}],"wp:attachment":[{"href":"https:\/\/www.jornalcontato.com.br\/home\/index.php\/wp-json\/wp\/v2\/media?parent=5089"}],"wp:term":[{"taxonomy":"category","embeddable":true,"href":"https:\/\/www.jornalcontato.com.br\/home\/index.php\/wp-json\/wp\/v2\/categories?post=5089"},{"taxonomy":"post_tag","embeddable":true,"href":"https:\/\/www.jornalcontato.com.br\/home\/index.php\/wp-json\/wp\/v2\/tags?post=5089"}],"curies":[{"name":"wp","href":"https:\/\/api.w.org\/{rel}","templated":true}]}}