{"id":5060,"date":"2013-03-26T11:50:48","date_gmt":"2013-03-26T14:50:48","guid":{"rendered":"http:\/\/jornalcontato.com.br\/home\/?p=5060"},"modified":"2013-03-26T11:50:48","modified_gmt":"2013-03-26T14:50:48","slug":"secretaria-de-cultura-divulga-agenda-cultural-para-27-a-31-de-marco","status":"publish","type":"post","link":"https:\/\/www.jornalcontato.com.br\/home\/index.php\/secretaria-de-cultura-divulga-agenda-cultural-para-27-a-31-de-marco\/","title":{"rendered":"Secretaria de Cultura divulga agenda cultural para 27 a 31 de mar\u00e7o"},"content":{"rendered":"<p>A agenda \u00e9 composta por shows que acontecer\u00e3o em v\u00e1rios pontos da cidade, com entrada franca.<\/p>\n<p><strong>Dia 27: das 19h30 \u00e0s 23h30<\/strong><\/p>\n<p>DJ Lagoinha<br \/>\nLocal: Par\u00f3quia Sagrado Cora\u00e7\u00e3o de Jesus<\/p>\n<p>Av. Francisco Barreto Lima, 730 \u2013 Vila S\u00e3o Geraldo<\/p>\n<p><strong>Dia 29: das 20h30 \u00e0s 22h30<\/strong><\/p>\n<p>Banda de Retreta<\/p>\n<p>Banda Santa Cec\u00edlia<br \/>\nLocal: Pra\u00e7a Dom Epaminondas, 30<\/p>\n<p><strong>Dia 31: das 14h \u00e0s 16h<\/strong><\/p>\n<p>Grupo Tradi\u00e7\u00e3o do Vale<br \/>\nLocal: Casa S\u00e3o Francisco de Idosos de Taubat\u00e9<br \/>\nRua Maria Basso Monteiro, 391 \u2013 Jardim Julieta<\/p>\n","protected":false},"excerpt":{"rendered":"<p>A agenda \u00e9 composta por shows que acontecer\u00e3o em v\u00e1rios pontos da cidade, com entrada franca. Dia 27: das 19h30 \u00e0s 23h30 DJ Lagoinha Local: &#8230;<\/p>\n","protected":false},"author":1,"featured_media":5061,"comment_status":"open","ping_status":"open","sticky":false,"template":"","format":"standard","meta":{"footnotes":""},"categories":[7],"tags":[],"class_list":["post-5060","post","type-post","status-publish","format-standard","has-post-thumbnail","hentry","category-reportagem"],"_links":{"self":[{"href":"https:\/\/www.jornalcontato.com.br\/home\/index.php\/wp-json\/wp\/v2\/posts\/5060","targetHints":{"allow":["GET"]}}],"collection":[{"href":"https:\/\/www.jornalcontato.com.br\/home\/index.php\/wp-json\/wp\/v2\/posts"}],"about":[{"href":"https:\/\/www.jornalcontato.com.br\/home\/index.php\/wp-json\/wp\/v2\/types\/post"}],"author":[{"embeddable":true,"href":"https:\/\/www.jornalcontato.com.br\/home\/index.php\/wp-json\/wp\/v2\/users\/1"}],"replies":[{"embeddable":true,"href":"https:\/\/www.jornalcontato.com.br\/home\/index.php\/wp-json\/wp\/v2\/comments?post=5060"}],"version-history":[{"count":1,"href":"https:\/\/www.jornalcontato.com.br\/home\/index.php\/wp-json\/wp\/v2\/posts\/5060\/revisions"}],"predecessor-version":[{"id":5062,"href":"https:\/\/www.jornalcontato.com.br\/home\/index.php\/wp-json\/wp\/v2\/posts\/5060\/revisions\/5062"}],"wp:featuredmedia":[{"embeddable":true,"href":"https:\/\/www.jornalcontato.com.br\/home\/index.php\/wp-json\/wp\/v2\/media\/5061"}],"wp:attachment":[{"href":"https:\/\/www.jornalcontato.com.br\/home\/index.php\/wp-json\/wp\/v2\/media?parent=5060"}],"wp:term":[{"taxonomy":"category","embeddable":true,"href":"https:\/\/www.jornalcontato.com.br\/home\/index.php\/wp-json\/wp\/v2\/categories?post=5060"},{"taxonomy":"post_tag","embeddable":true,"href":"https:\/\/www.jornalcontato.com.br\/home\/index.php\/wp-json\/wp\/v2\/tags?post=5060"}],"curies":[{"name":"wp","href":"https:\/\/api.w.org\/{rel}","templated":true}]}}