{"id":5029,"date":"2013-03-19T18:11:11","date_gmt":"2013-03-19T21:11:11","guid":{"rendered":"http:\/\/jornalcontato.com.br\/home\/?p=5029"},"modified":"2013-04-02T11:08:51","modified_gmt":"2013-04-02T14:08:51","slug":"camara-municipal-aprovas-as-contas-de-roberto-peixoto-referente-ao-ano-de-2008","status":"publish","type":"post","link":"https:\/\/www.jornalcontato.com.br\/home\/index.php\/camara-municipal-aprovas-as-contas-de-roberto-peixoto-referente-ao-ano-de-2008\/","title":{"rendered":"Mesmo com irregularidades apontadas pelo TCE, C\u00e2mara Municipal aprovas as contas de 2008 de Roberto Peixoto"},"content":{"rendered":"<p><!--more-->Por Marcos Lim\u00e3o<\/p>\n<p>Na tarde desta ter\u00e7a-feira, dia 19, os vereadores aprovaram as contas do ex-prefeito Roberto Peixoto referentes ao exerc\u00edcio financeiro de 2008, apesar dos diversos apontamentos de irregularidades feitos pelo t\u00e9cnico do Tribunal de Contas do Estado (TCE). Vale lembrar que foi o ano de reelei\u00e7\u00e3o do chefe do poder Executivo, que teria usado e abusado da m\u00e1quina administrativa em sua campanha, o que rendeu cassa\u00e7\u00f5es de seu mandato na Justi\u00e7a Eleitoral de Taubat\u00e9.<\/p>\n<p>Foram dezenas de irregularidades listadas pelo relat\u00f3rio t\u00e9cnico, mas, por raz\u00f5es que a pr\u00f3pria raz\u00e3o desconhece, os conselheiros do TCE se manifestaram de forma contr\u00e1ria ao relat\u00f3rio t\u00e9cnico, emitindo um parecer pr\u00e9vio favor\u00e1vel \u00e0 aprova\u00e7\u00e3o das contas de 2008. Dentre as v\u00e1rias irregularidades, chamou a aten\u00e7\u00e3o os apontamentos das horas-extras recebidas pelos palacianos em 2008.<\/p>\n<p><strong>Farra do boi<\/strong><\/p>\n<p>Abaixo, os valores pagos em horas extras, sem contar os sal\u00e1rios (detalhe: eles sequer deveriam receber tal benef\u00edcio, pois eram comissionados do primeiro escal\u00e3o da prefeitura):<\/p>\n<p>Anderson Ferreira (genro do prefeito) \u2013 R$ 17 mil<\/p>\n<p>Monteclaro C\u00e9sar \u2013 R$ 14 mil<\/p>\n<p>Gerson de Ara\u00fajo \u2013 R$ 20 mil<\/p>\n<p>Jos\u00e9 Benedito Prado \u2013 R$ 23 \u00a0mil<\/p>\n<p>J\u00falio C\u00e9sar de Oliveira \u2013 R$ 34 mil<\/p>\n<p>Luiz Sim\u00f5es Berthoud \u2013 R$ 10 mil<\/p>\n<p>Pedro Henrique Silveira \u2013 R$ 18 mil<\/p>\n<p>Mesmo diante de um quadro com esse, a maioria dos vereadores decidiu pela aprova\u00e7\u00e3o das contas de 2008. O mais engra\u00e7ado \u00e9 que os vereadores que fizeram oposi\u00e7\u00e3o a Roberto Peixoto durante seu mandato votaram pela aprova\u00e7\u00e3o das contas. Isto porque eles preferiram seguir o parecer pr\u00e9vio favor\u00e1vel emitido pelos conselheiros do TCE, mesmo que ele indique a dire\u00e7\u00e3o oposta da mostrada pelo relat\u00f3rio t\u00e9cnico.<\/p>\n<p><strong>Vota\u00e7\u00e3o<\/strong><\/p>\n<p>Votaram a favor das contas do prefeito de 2008: Gra\u00e7a (PSB), Dig\u00e3o (PSDB), Neneca (PDT), Bilili (PSDB), Jeferson Campos (PV), Carlos Peixoto (PMDB), Alexandre Vilela (PMDB), Luizinho da Farm\u00e1cia (PR), Noilton Ramos (PSD), Salvador Soares (PT).<\/p>\n<p>Votaram contra as contas do prefeito de 2008: Diego Fonseca (PSDB), Douglas Carbonne (PC do B), Jo\u00e3o Vidal (PSB), Joffre Neto (PSB), Pastor Nunes (PRB), Gorete (DEM), Pollyana Gama (PPS) e Vera Saba (PT).<\/p>\n<p>Por motivos de sa\u00fade, o vereador Paulo Miranda (PP) n\u00e3o participou da vota\u00e7\u00e3o.<\/p>\n<p><strong>Reportagem completa<\/strong><\/p>\n<p>Todos os detalhes dessa aprova\u00e7\u00e3o das contas de 2008 da Prefeitura de Taubat\u00e9 na edi\u00e7\u00e3o 587 do Jornal CONTATO, que estar\u00e1 nas bancas no dia 22 de mar\u00e7o.<\/p>\n<p>Veja na imagem abaixo o trecho do relat\u00f3rio t\u00e9cnico que aponta os valores das horas-extras recebidas em 2008 pelo primeiro escal\u00e3o de Roberto Peixoto. Clique na imagem para ampli\u00e1-la.<\/p>\n<p><a href=\"http:\/\/jornalcontato.com.br\/home\/wp-content\/uploads\/2013\/03\/DSC_75772.jpg\"><img loading=\"lazy\" decoding=\"async\" class=\"aligncenter size-medium wp-image-5032\" title=\"DSC_7577\" src=\"http:\/\/jornalcontato.com.br\/home\/wp-content\/uploads\/2013\/03\/DSC_75772-300x266.jpg\" alt=\"\" width=\"300\" height=\"266\" srcset=\"https:\/\/jornalcontato.com.br\/home\/wp-content\/uploads\/2013\/03\/DSC_75772-300x266.jpg 300w, https:\/\/jornalcontato.com.br\/home\/wp-content\/uploads\/2013\/03\/DSC_75772-1024x908.jpg 1024w, https:\/\/jornalcontato.com.br\/home\/wp-content\/uploads\/2013\/03\/DSC_75772.jpg 1584w\" sizes=\"auto, (max-width: 300px) 100vw, 300px\" \/><\/a><\/p>\n","protected":false},"excerpt":{"rendered":"","protected":false},"author":1,"featured_media":5033,"comment_status":"open","ping_status":"open","sticky":false,"template":"","format":"standard","meta":{"footnotes":""},"categories":[7],"tags":[],"class_list":["post-5029","post","type-post","status-publish","format-standard","has-post-thumbnail","hentry","category-reportagem"],"_links":{"self":[{"href":"https:\/\/www.jornalcontato.com.br\/home\/index.php\/wp-json\/wp\/v2\/posts\/5029","targetHints":{"allow":["GET"]}}],"collection":[{"href":"https:\/\/www.jornalcontato.com.br\/home\/index.php\/wp-json\/wp\/v2\/posts"}],"about":[{"href":"https:\/\/www.jornalcontato.com.br\/home\/index.php\/wp-json\/wp\/v2\/types\/post"}],"author":[{"embeddable":true,"href":"https:\/\/www.jornalcontato.com.br\/home\/index.php\/wp-json\/wp\/v2\/users\/1"}],"replies":[{"embeddable":true,"href":"https:\/\/www.jornalcontato.com.br\/home\/index.php\/wp-json\/wp\/v2\/comments?post=5029"}],"version-history":[{"count":6,"href":"https:\/\/www.jornalcontato.com.br\/home\/index.php\/wp-json\/wp\/v2\/posts\/5029\/revisions"}],"predecessor-version":[{"id":5111,"href":"https:\/\/www.jornalcontato.com.br\/home\/index.php\/wp-json\/wp\/v2\/posts\/5029\/revisions\/5111"}],"wp:featuredmedia":[{"embeddable":true,"href":"https:\/\/www.jornalcontato.com.br\/home\/index.php\/wp-json\/wp\/v2\/media\/5033"}],"wp:attachment":[{"href":"https:\/\/www.jornalcontato.com.br\/home\/index.php\/wp-json\/wp\/v2\/media?parent=5029"}],"wp:term":[{"taxonomy":"category","embeddable":true,"href":"https:\/\/www.jornalcontato.com.br\/home\/index.php\/wp-json\/wp\/v2\/categories?post=5029"},{"taxonomy":"post_tag","embeddable":true,"href":"https:\/\/www.jornalcontato.com.br\/home\/index.php\/wp-json\/wp\/v2\/tags?post=5029"}],"curies":[{"name":"wp","href":"https:\/\/api.w.org\/{rel}","templated":true}]}}