{"id":5025,"date":"2013-03-19T11:33:38","date_gmt":"2013-03-19T14:33:38","guid":{"rendered":"http:\/\/jornalcontato.com.br\/home\/?p=5025"},"modified":"2013-03-19T11:33:38","modified_gmt":"2013-03-19T14:33:38","slug":"precos-dos-produtos-da-semana-santa-estao-mais-caros","status":"publish","type":"post","link":"https:\/\/www.jornalcontato.com.br\/home\/index.php\/precos-dos-produtos-da-semana-santa-estao-mais-caros\/","title":{"rendered":"Pre\u00e7os dos produtos da Semana Santa est\u00e3o mais caros"},"content":{"rendered":"<p>Uma pesquisa\u00a0nos supermercados da regi\u00e3o\u00a0&#8211; realizada\u00a0pelo N\u00facleo de Pesquisas Socioecon\u00f4micas da UNITAU em parceria com a Associa\u00e7\u00e3o Comercial e Industrial de Taubat\u00e9 &#8211;\u00a0mostrou que os produtos consumidos pela popula\u00e7\u00e3o na Semana Santa est\u00e3o mais caros. O pre\u00e7o do bacalhau teve um aumento de 4,46%. O motivo foi a desvaloriza\u00e7\u00e3o do real frente ao d\u00f3lar, uma vez que o peixe \u00e9 importado.<\/p>\n<p>O fil\u00e9 de peixe foi o que teve maior eleva\u00e7\u00e3o nos pre\u00e7os, com 6,22% em raz\u00e3o do alto consumo da popula\u00e7\u00e3o brasileira, principalmente no per\u00edodo da Quaresma.<\/p>\n<p>J\u00e1 os tradicionais ovos de P\u00e1scoa aumentaram 3,87% e a caixa de bombons subiu 2,88%; ambos os casos, devido \u00e0\u00a0alta das commodities no primeiro semestre de 2012, dentre elas o a\u00e7\u00facar.<\/p>\n<p>Especialistas aconselham que o consumidor pesquise antes de comprar os produtos da P\u00e1scoa, pois podem existir varia\u00e7\u00f5es de pre\u00e7os dos produtos entre os estabelecimentos comerciais. Outra dica \u00e9 evitar levar crian\u00e7as aos supermercados nesta \u00e9poca do ano, pois elas podem preferir ovos que venham com presentes dentro, que s\u00e3o mais caros.<\/p>\n<p>O comprador deve se atentar a embalagem do produto e observar a validade. No caso dos pescados, a dica \u00e9 com a conserva\u00e7\u00e3o: eles devem estar armazenados em gelo, seus olhos brilhando e escamas bem presas ao corpo. Para o bacalhau, \u00e9 preciso verificar sua proced\u00eancia. \u00c9 importante ressaltar ainda que as compras devem ser feitas com anteced\u00eancia, pois os pre\u00e7os costumam subir na \u00faltima hora e a variedade, diminuir.<\/p>\n<p>A apura\u00e7\u00e3o de pre\u00e7os foi feita entre os dias 13 e 17 de mar\u00e7o.<\/p>\n<p>&nbsp;<\/p>\n","protected":false},"excerpt":{"rendered":"<p>Uma pesquisa\u00a0nos supermercados da regi\u00e3o\u00a0&#8211; realizada\u00a0pelo N\u00facleo de Pesquisas Socioecon\u00f4micas da UNITAU em parceria com a Associa\u00e7\u00e3o Comercial e Industrial de Taubat\u00e9 &#8211;\u00a0mostrou que os &#8230;<\/p>\n","protected":false},"author":1,"featured_media":5026,"comment_status":"open","ping_status":"open","sticky":false,"template":"","format":"standard","meta":{"footnotes":""},"categories":[7],"tags":[],"class_list":["post-5025","post","type-post","status-publish","format-standard","has-post-thumbnail","hentry","category-reportagem"],"_links":{"self":[{"href":"https:\/\/www.jornalcontato.com.br\/home\/index.php\/wp-json\/wp\/v2\/posts\/5025","targetHints":{"allow":["GET"]}}],"collection":[{"href":"https:\/\/www.jornalcontato.com.br\/home\/index.php\/wp-json\/wp\/v2\/posts"}],"about":[{"href":"https:\/\/www.jornalcontato.com.br\/home\/index.php\/wp-json\/wp\/v2\/types\/post"}],"author":[{"embeddable":true,"href":"https:\/\/www.jornalcontato.com.br\/home\/index.php\/wp-json\/wp\/v2\/users\/1"}],"replies":[{"embeddable":true,"href":"https:\/\/www.jornalcontato.com.br\/home\/index.php\/wp-json\/wp\/v2\/comments?post=5025"}],"version-history":[{"count":1,"href":"https:\/\/www.jornalcontato.com.br\/home\/index.php\/wp-json\/wp\/v2\/posts\/5025\/revisions"}],"predecessor-version":[{"id":5027,"href":"https:\/\/www.jornalcontato.com.br\/home\/index.php\/wp-json\/wp\/v2\/posts\/5025\/revisions\/5027"}],"wp:featuredmedia":[{"embeddable":true,"href":"https:\/\/www.jornalcontato.com.br\/home\/index.php\/wp-json\/wp\/v2\/media\/5026"}],"wp:attachment":[{"href":"https:\/\/www.jornalcontato.com.br\/home\/index.php\/wp-json\/wp\/v2\/media?parent=5025"}],"wp:term":[{"taxonomy":"category","embeddable":true,"href":"https:\/\/www.jornalcontato.com.br\/home\/index.php\/wp-json\/wp\/v2\/categories?post=5025"},{"taxonomy":"post_tag","embeddable":true,"href":"https:\/\/www.jornalcontato.com.br\/home\/index.php\/wp-json\/wp\/v2\/tags?post=5025"}],"curies":[{"name":"wp","href":"https:\/\/api.w.org\/{rel}","templated":true}]}}