{"id":4843,"date":"2013-03-06T12:16:35","date_gmt":"2013-03-06T15:16:35","guid":{"rendered":"http:\/\/jornalcontato.com.br\/home\/?p=4843"},"modified":"2013-03-12T15:59:59","modified_gmt":"2013-03-12T18:59:59","slug":"camara-aprova-ficha-limpa-para-taubate","status":"publish","type":"post","link":"https:\/\/www.jornalcontato.com.br\/home\/index.php\/camara-aprova-ficha-limpa-para-taubate\/","title":{"rendered":"C\u00e2mara aprova Ficha Limpa para Taubat\u00e9"},"content":{"rendered":"<p><!--more-->Por Karolina Alvarenga<\/p>\n<p>Durante a 5\u00aa Sess\u00e3o Extraordin\u00e1ria, realizada na tarde de ter\u00e7a-feira, dia 5, vereadores de Taubat\u00e9 aprovaram o projeto de lei Ficha Limpa para servidores p\u00fablicos municipais.<\/p>\n<p>De autoria do vereador Jeferson Campos (PV), o projeto come\u00e7ou a ser discutido em 2011. Ele prev\u00ea que pessoas condenadas pela segunda inst\u00e2ncia da Justi\u00e7a, por crimes eleitorais e contra a f\u00e9, a administra\u00e7\u00e3o p\u00fablica ou patrim\u00f4nio p\u00fablico e privado, est\u00e3o impedidas de ocupar cargos comissionados.<\/p>\n<p>A vereadora Vera Saba (PT) apresentou uma emenda ao projeto de lei. Ela estende o \u2018Ficha Limpa\u2019 para os donos e gerentes de empresas contratadas pela administra\u00e7\u00e3o municipal. Al\u00e9m disso, a emenda visa a proibi\u00e7\u00e3o de manuten\u00e7\u00e3o, adiantamento ou prorroga\u00e7\u00e3o de contrato com essas empresas. \u201cO pol\u00edtico tem que se orgulhar de ser Ficha Limpa. N\u00e3o podemos ter medo de falar de transpar\u00eancia e \u00e9tica. Combina sim, falar do combate \u00e0 corrup\u00e7\u00e3o. Esse \u00e9 um momento de mudan\u00e7a\u201d, frisou.<\/p>\n<p>Outro parlamentar que destacou a import\u00e2ncia do projeto e da emenda em quest\u00e3o foi o vereador Rodrigo Luis Silva \u2018Dig\u00e3o\u2019 (PSDB). \u201c\u00c9 triste ver pessoas que n\u00e3o tem Ficha Limpa ocuparem cargo no Senado. Precisamos de mudan\u00e7a e transpar\u00eancia e estou aqui para somar com a nova administra\u00e7\u00e3o municipal, mas sempre fiscalizando\u201d, disse.<\/p>\n<p>Ao ser aprovado, o autor do projeto, Jeferson Campos (PV) agradeceu. \u201cMinha posi\u00e7\u00e3o aqui n\u00e3o \u00e9 por vaidade. O projeto \u00e9 importante e por isso agrade\u00e7o a todos pela vota\u00e7\u00e3o expressiva\u201d.<\/p>\n","protected":false},"excerpt":{"rendered":"","protected":false},"author":1,"featured_media":4844,"comment_status":"open","ping_status":"open","sticky":false,"template":"","format":"standard","meta":{"footnotes":""},"categories":[7],"tags":[],"class_list":["post-4843","post","type-post","status-publish","format-standard","has-post-thumbnail","hentry","category-reportagem"],"_links":{"self":[{"href":"https:\/\/www.jornalcontato.com.br\/home\/index.php\/wp-json\/wp\/v2\/posts\/4843","targetHints":{"allow":["GET"]}}],"collection":[{"href":"https:\/\/www.jornalcontato.com.br\/home\/index.php\/wp-json\/wp\/v2\/posts"}],"about":[{"href":"https:\/\/www.jornalcontato.com.br\/home\/index.php\/wp-json\/wp\/v2\/types\/post"}],"author":[{"embeddable":true,"href":"https:\/\/www.jornalcontato.com.br\/home\/index.php\/wp-json\/wp\/v2\/users\/1"}],"replies":[{"embeddable":true,"href":"https:\/\/www.jornalcontato.com.br\/home\/index.php\/wp-json\/wp\/v2\/comments?post=4843"}],"version-history":[{"count":5,"href":"https:\/\/www.jornalcontato.com.br\/home\/index.php\/wp-json\/wp\/v2\/posts\/4843\/revisions"}],"predecessor-version":[{"id":4846,"href":"https:\/\/www.jornalcontato.com.br\/home\/index.php\/wp-json\/wp\/v2\/posts\/4843\/revisions\/4846"}],"wp:featuredmedia":[{"embeddable":true,"href":"https:\/\/www.jornalcontato.com.br\/home\/index.php\/wp-json\/wp\/v2\/media\/4844"}],"wp:attachment":[{"href":"https:\/\/www.jornalcontato.com.br\/home\/index.php\/wp-json\/wp\/v2\/media?parent=4843"}],"wp:term":[{"taxonomy":"category","embeddable":true,"href":"https:\/\/www.jornalcontato.com.br\/home\/index.php\/wp-json\/wp\/v2\/categories?post=4843"},{"taxonomy":"post_tag","embeddable":true,"href":"https:\/\/www.jornalcontato.com.br\/home\/index.php\/wp-json\/wp\/v2\/tags?post=4843"}],"curies":[{"name":"wp","href":"https:\/\/api.w.org\/{rel}","templated":true}]}}