{"id":4762,"date":"2013-02-25T15:30:41","date_gmt":"2013-02-25T18:30:41","guid":{"rendered":"http:\/\/jornalcontato.com.br\/home\/?p=4762"},"modified":"2016-04-06T15:26:12","modified_gmt":"2016-04-06T18:26:12","slug":"sesc-taubate-apresenta-teatro-infantil-quixote-com-mevitevendo","status":"publish","type":"post","link":"https:\/\/www.jornalcontato.com.br\/home\/index.php\/sesc-taubate-apresenta-teatro-infantil-quixote-com-mevitevendo\/","title":{"rendered":"Mobiliza\u00e7\u00e3o contra a dengue em Taubat\u00e9"},"content":{"rendered":"<p><!--more-->Na quarta-feira, dia 6, a partir das 8 horas, acontece na terra de Lobato uma ofensiva que visa acabar com os focos de dengue na cidade, haja vista que desde o in\u00edcio do ano j\u00e1 terem sido constatados 196 casos suspeitos de dengue. O poder Executivo pretende mobilizar a popula\u00e7\u00e3o no combate \u00e0 dengue, com os pr\u00f3prios moradores fiscalizando as suas casas.\u00a0A for\u00e7a-tarefa contra a dengue ocorrer\u00e1 tamb\u00e9m em pr\u00e9dios p\u00fablicos.\u00a0A a\u00e7\u00e3o contar\u00e1 tamb\u00e9m com caminh\u00f5es cata-treco, fornecidos pela Secretaria de Servi\u00e7os P\u00fablicos, que juntamente com os agentes, percorrer\u00e3o a cidade fazendo a retirada de entulhos que dever\u00e3o ser descartados pelos moradores em fun\u00e7\u00e3o da vistoria.<\/p>\n","protected":false},"excerpt":{"rendered":"","protected":false},"author":1,"featured_media":4832,"comment_status":"open","ping_status":"open","sticky":false,"template":"","format":"standard","meta":{"footnotes":""},"categories":[29,7],"tags":[],"class_list":["post-4762","post","type-post","status-publish","format-standard","has-post-thumbnail","hentry","category-regional","category-reportagem"],"_links":{"self":[{"href":"https:\/\/www.jornalcontato.com.br\/home\/index.php\/wp-json\/wp\/v2\/posts\/4762","targetHints":{"allow":["GET"]}}],"collection":[{"href":"https:\/\/www.jornalcontato.com.br\/home\/index.php\/wp-json\/wp\/v2\/posts"}],"about":[{"href":"https:\/\/www.jornalcontato.com.br\/home\/index.php\/wp-json\/wp\/v2\/types\/post"}],"author":[{"embeddable":true,"href":"https:\/\/www.jornalcontato.com.br\/home\/index.php\/wp-json\/wp\/v2\/users\/1"}],"replies":[{"embeddable":true,"href":"https:\/\/www.jornalcontato.com.br\/home\/index.php\/wp-json\/wp\/v2\/comments?post=4762"}],"version-history":[{"count":8,"href":"https:\/\/www.jornalcontato.com.br\/home\/index.php\/wp-json\/wp\/v2\/posts\/4762\/revisions"}],"predecessor-version":[{"id":11164,"href":"https:\/\/www.jornalcontato.com.br\/home\/index.php\/wp-json\/wp\/v2\/posts\/4762\/revisions\/11164"}],"wp:featuredmedia":[{"embeddable":true,"href":"https:\/\/www.jornalcontato.com.br\/home\/index.php\/wp-json\/wp\/v2\/media\/4832"}],"wp:attachment":[{"href":"https:\/\/www.jornalcontato.com.br\/home\/index.php\/wp-json\/wp\/v2\/media?parent=4762"}],"wp:term":[{"taxonomy":"category","embeddable":true,"href":"https:\/\/www.jornalcontato.com.br\/home\/index.php\/wp-json\/wp\/v2\/categories?post=4762"},{"taxonomy":"post_tag","embeddable":true,"href":"https:\/\/www.jornalcontato.com.br\/home\/index.php\/wp-json\/wp\/v2\/tags?post=4762"}],"curies":[{"name":"wp","href":"https:\/\/api.w.org\/{rel}","templated":true}]}}