{"id":4757,"date":"2013-02-28T15:26:11","date_gmt":"2013-02-28T18:26:11","guid":{"rendered":"http:\/\/jornalcontato.com.br\/home\/?p=4757"},"modified":"2013-02-28T15:27:42","modified_gmt":"2013-02-28T18:27:42","slug":"gapc-em-parceria-com-anhanguera-levam-projeto-mama-amiga","status":"publish","type":"post","link":"https:\/\/www.jornalcontato.com.br\/home\/index.php\/gapc-em-parceria-com-anhanguera-levam-projeto-mama-amiga\/","title":{"rendered":"GAPC em parceria com Anhanguera levam projeto \u201cMama amiga\u201d"},"content":{"rendered":"<div id=\"yui_3_7_2_1_1362073904299_4906\" style=\"text-align: left;\" align=\"center\">Em comemora\u00e7\u00e3o ao dia Internacional da Mulher, o GAPC (Grupo de Apoio a Pessoas com C\u00e2ncer), em parceria com a Faculdade Anhanguera, realiza o projeto \u201cMama amiga\u201d. O objetivo \u00e9 conscientizar o p\u00fablico da import\u00e2ncia de se prevenir da doen\u00e7a e ensinar as mulheres a realizar o autoexame.<\/div>\n<div id=\"yui_3_7_2_1_1362073904299_4919\" style=\"text-align: left;\">Sabe-se que o c\u00e2ncer de mama \u00e9 um dos que mais aparecem nas mulheres, seguido do c\u00e2ncer de colo de \u00fatero. Quando \u00e9 feito o autoexame e a doen\u00e7a \u00e9 diagnosticada no in\u00edcio, as chances de cura s\u00e3o bem maiores.<\/div>\n<div id=\"yui_3_7_2_1_1362073904299_4921\" style=\"text-align: left;\">Em fun\u00e7\u00e3o disso, o GAPC estar\u00e1 com um espa\u00e7o no Taubat\u00e9 Shopping entre os dias 04 e 10 de mar\u00e7o de 2013. A proposta \u00e9 apresentar a ONG e informar sobre o c\u00e2ncer de mama e suas preven\u00e7\u00f5es.<\/div>\n","protected":false},"excerpt":{"rendered":"<p>Em comemora\u00e7\u00e3o ao dia Internacional da Mulher, o GAPC (Grupo de Apoio a Pessoas com C\u00e2ncer), em parceria com a Faculdade Anhanguera, realiza o projeto &#8230;<\/p>\n","protected":false},"author":1,"featured_media":4758,"comment_status":"open","ping_status":"open","sticky":false,"template":"","format":"standard","meta":{"footnotes":""},"categories":[7],"tags":[],"class_list":["post-4757","post","type-post","status-publish","format-standard","has-post-thumbnail","hentry","category-reportagem"],"_links":{"self":[{"href":"https:\/\/www.jornalcontato.com.br\/home\/index.php\/wp-json\/wp\/v2\/posts\/4757","targetHints":{"allow":["GET"]}}],"collection":[{"href":"https:\/\/www.jornalcontato.com.br\/home\/index.php\/wp-json\/wp\/v2\/posts"}],"about":[{"href":"https:\/\/www.jornalcontato.com.br\/home\/index.php\/wp-json\/wp\/v2\/types\/post"}],"author":[{"embeddable":true,"href":"https:\/\/www.jornalcontato.com.br\/home\/index.php\/wp-json\/wp\/v2\/users\/1"}],"replies":[{"embeddable":true,"href":"https:\/\/www.jornalcontato.com.br\/home\/index.php\/wp-json\/wp\/v2\/comments?post=4757"}],"version-history":[{"count":3,"href":"https:\/\/www.jornalcontato.com.br\/home\/index.php\/wp-json\/wp\/v2\/posts\/4757\/revisions"}],"predecessor-version":[{"id":4760,"href":"https:\/\/www.jornalcontato.com.br\/home\/index.php\/wp-json\/wp\/v2\/posts\/4757\/revisions\/4760"}],"wp:featuredmedia":[{"embeddable":true,"href":"https:\/\/www.jornalcontato.com.br\/home\/index.php\/wp-json\/wp\/v2\/media\/4758"}],"wp:attachment":[{"href":"https:\/\/www.jornalcontato.com.br\/home\/index.php\/wp-json\/wp\/v2\/media?parent=4757"}],"wp:term":[{"taxonomy":"category","embeddable":true,"href":"https:\/\/www.jornalcontato.com.br\/home\/index.php\/wp-json\/wp\/v2\/categories?post=4757"},{"taxonomy":"post_tag","embeddable":true,"href":"https:\/\/www.jornalcontato.com.br\/home\/index.php\/wp-json\/wp\/v2\/tags?post=4757"}],"curies":[{"name":"wp","href":"https:\/\/api.w.org\/{rel}","templated":true}]}}