{"id":4699,"date":"2013-02-26T12:46:51","date_gmt":"2013-02-26T15:46:51","guid":{"rendered":"http:\/\/jornalcontato.com.br\/home\/?p=4699"},"modified":"2013-02-26T12:46:51","modified_gmt":"2013-02-26T15:46:51","slug":"sera-que-o-lula-queria-ser-eleito-papa","status":"publish","type":"post","link":"https:\/\/www.jornalcontato.com.br\/home\/index.php\/sera-que-o-lula-queria-ser-eleito-papa\/","title":{"rendered":"Ser\u00e1 que o Lula queria ser eleito Papa?"},"content":{"rendered":"<p><a href=\"http:\/\/jornalcontato.com.br\/home\/wp-content\/uploads\/2013\/02\/Papa-Bento-XVI1.jpg\"><img loading=\"lazy\" decoding=\"async\" src=\"http:\/\/jornalcontato.com.br\/home\/wp-content\/uploads\/2013\/02\/Papa-Bento-XVI1-300x300.jpg\" alt=\"\" title=\"Papa Bento XVI\" width=\"300\" height=\"300\" class=\"aligncenter size-medium wp-image-4701\" srcset=\"https:\/\/jornalcontato.com.br\/home\/wp-content\/uploads\/2013\/02\/Papa-Bento-XVI1-300x300.jpg 300w, https:\/\/jornalcontato.com.br\/home\/wp-content\/uploads\/2013\/02\/Papa-Bento-XVI1-150x150.jpg 150w, https:\/\/jornalcontato.com.br\/home\/wp-content\/uploads\/2013\/02\/Papa-Bento-XVI1.jpg 304w\" sizes=\"auto, (max-width: 300px) 100vw, 300px\" \/><\/a>Acordo entre Vaticano e Brasil (de Lula) teria sido feito para \u2018acalmar os cat\u00f3licos\u2019<br \/>\nTelegrama de 2009 da embaixada dos EUA em S\u00e3o Paulo, revelado pelo WikiLeaks, relata que acordo bilateral teria servido para garantir apoio de cat\u00f3licos ao PT; outro trecho revela que governo Lula tamb\u00e9m passou a anunciar em m\u00eddia evang\u00e9lica, conforme o Estad\u00e3o de segunda-feira. 25.<br \/>\nConfira as lamban\u00e7as petista na igreja Cat\u00f3lica no link http:\/\/digital.estadao.com.br\/home.asp<\/p>\n","protected":false},"excerpt":{"rendered":"<p>Acordo entre Vaticano e Brasil (de Lula) teria sido feito para \u2018acalmar os cat\u00f3licos\u2019 Telegrama de 2009 da embaixada dos EUA em S\u00e3o Paulo, revelado &#8230;<\/p>\n","protected":false},"author":1,"featured_media":4701,"comment_status":"open","ping_status":"open","sticky":false,"template":"","format":"standard","meta":{"footnotes":""},"categories":[1],"tags":[],"class_list":["post-4699","post","type-post","status-publish","format-standard","has-post-thumbnail","hentry","category-nacional"],"_links":{"self":[{"href":"https:\/\/www.jornalcontato.com.br\/home\/index.php\/wp-json\/wp\/v2\/posts\/4699","targetHints":{"allow":["GET"]}}],"collection":[{"href":"https:\/\/www.jornalcontato.com.br\/home\/index.php\/wp-json\/wp\/v2\/posts"}],"about":[{"href":"https:\/\/www.jornalcontato.com.br\/home\/index.php\/wp-json\/wp\/v2\/types\/post"}],"author":[{"embeddable":true,"href":"https:\/\/www.jornalcontato.com.br\/home\/index.php\/wp-json\/wp\/v2\/users\/1"}],"replies":[{"embeddable":true,"href":"https:\/\/www.jornalcontato.com.br\/home\/index.php\/wp-json\/wp\/v2\/comments?post=4699"}],"version-history":[{"count":1,"href":"https:\/\/www.jornalcontato.com.br\/home\/index.php\/wp-json\/wp\/v2\/posts\/4699\/revisions"}],"predecessor-version":[{"id":4702,"href":"https:\/\/www.jornalcontato.com.br\/home\/index.php\/wp-json\/wp\/v2\/posts\/4699\/revisions\/4702"}],"wp:featuredmedia":[{"embeddable":true,"href":"https:\/\/www.jornalcontato.com.br\/home\/index.php\/wp-json\/wp\/v2\/media\/4701"}],"wp:attachment":[{"href":"https:\/\/www.jornalcontato.com.br\/home\/index.php\/wp-json\/wp\/v2\/media?parent=4699"}],"wp:term":[{"taxonomy":"category","embeddable":true,"href":"https:\/\/www.jornalcontato.com.br\/home\/index.php\/wp-json\/wp\/v2\/categories?post=4699"},{"taxonomy":"post_tag","embeddable":true,"href":"https:\/\/www.jornalcontato.com.br\/home\/index.php\/wp-json\/wp\/v2\/tags?post=4699"}],"curies":[{"name":"wp","href":"https:\/\/api.w.org\/{rel}","templated":true}]}}