{"id":4693,"date":"2013-02-25T17:21:12","date_gmt":"2013-02-25T20:21:12","guid":{"rendered":"http:\/\/jornalcontato.com.br\/home\/?p=4693"},"modified":"2013-03-05T10:20:24","modified_gmt":"2013-03-05T13:20:24","slug":"camara-municipal-rejeita-as-contas-de-2006-da-prefeitura-de-taubate-e-roberto-peixoto-perde-seus-direitos-politicos","status":"publish","type":"post","link":"https:\/\/www.jornalcontato.com.br\/home\/index.php\/camara-municipal-rejeita-as-contas-de-2006-da-prefeitura-de-taubate-e-roberto-peixoto-perde-seus-direitos-politicos\/","title":{"rendered":"C\u00e2mara Municipal rejeita as contas de 2006 da Prefeitura de Taubat\u00e9 e Roberto Peixoto perde seus direitos pol\u00edticos"},"content":{"rendered":"<p><!--more-->Por Marcos Lim\u00e3o \/ Fotos Bernardo Guerreiro<\/p>\n<p>O ex-prefeito Roberto Peixoto perdeu seus direitos pol\u00edticos depois de a C\u00e2mara Municipal seguir o relat\u00f3rio do Tribunal de Contas do Estado (TCE), no sentido de desaprovar as contas referentes ao exerc\u00edcio de 2006 da Prefeitura de Taubat\u00e9, durante a sess\u00e3o extraordin\u00e1ria realizada na tarde desta segunda-feira, dia 25.<\/p>\n<p>Muitas irregularidades foram apontadas pelos t\u00e9cnicos do TCE, como a falta de pagamento de precat\u00f3rios, falta de justificativa para admiss\u00f5es e sal\u00e1rios estratosf\u00e9ricos, entre outros. Os analistas do TCE, por exemplo, solicitaram o contrato com a empresa que fornecia merenda escolar para o munic\u00edpio, para analisar os valores e os aditamentos, mas o Governo Peixoto recusou-se a fornecer o documento, mesmos ele sendo p\u00fablico.<\/p>\n<p>Foi uma sess\u00e3o extraordin\u00e1ria morna, quase gelada. N\u00e3o havia ningu\u00e9m para defender Roberto Peixoto, para que o debate se iniciasse. Com vota\u00e7\u00e3o un\u00e2nime, 18 vereadores decidiram pela reprova\u00e7\u00e3o das contas. O vereador Salvador Soares (PT) n\u00e3o estava presente \u00e0 sess\u00e3o. Todos os detalhes dessa vota\u00e7\u00e3o estar\u00e3o na edi\u00e7\u00e3o 584 do CONTATO.<\/p>\n<p>Em abril de 2009, a C\u00e2mara Municipal tamb\u00e9m havia desaprovado as contas do exerc\u00edcio de 2005 da Prefeitura de Taubat\u00e9, primeiro ano do Governo Peixoto, o que levou \u00e0 perda dos direitos pol\u00edticos do chefe do poder Executivo. Clique <a href=\"http:\/\/www.jornalcontato.com.br\/405\/Jornal.html\">AQUI<\/a> para ler a edi\u00e7\u00e3o 405 do Jornal CONTATO com a reportagem sobre a vota\u00e7\u00e3o ocorrida em 2009.<\/p>\n<p><a href=\"http:\/\/jornalcontato.com.br\/home\/wp-content\/uploads\/2013\/02\/site.jpg\"><img loading=\"lazy\" decoding=\"async\" class=\"aligncenter size-medium wp-image-4694\" title=\"site\" src=\"http:\/\/jornalcontato.com.br\/home\/wp-content\/uploads\/2013\/02\/site-300x200.jpg\" alt=\"\" width=\"300\" height=\"200\" srcset=\"https:\/\/jornalcontato.com.br\/home\/wp-content\/uploads\/2013\/02\/site-300x200.jpg 300w, https:\/\/jornalcontato.com.br\/home\/wp-content\/uploads\/2013\/02\/site.jpg 465w\" sizes=\"auto, (max-width: 300px) 100vw, 300px\" \/><\/a><\/p>\n","protected":false},"excerpt":{"rendered":"","protected":false},"author":1,"featured_media":4695,"comment_status":"open","ping_status":"open","sticky":false,"template":"","format":"standard","meta":{"footnotes":""},"categories":[7],"tags":[],"class_list":["post-4693","post","type-post","status-publish","format-standard","has-post-thumbnail","hentry","category-reportagem"],"_links":{"self":[{"href":"https:\/\/www.jornalcontato.com.br\/home\/index.php\/wp-json\/wp\/v2\/posts\/4693","targetHints":{"allow":["GET"]}}],"collection":[{"href":"https:\/\/www.jornalcontato.com.br\/home\/index.php\/wp-json\/wp\/v2\/posts"}],"about":[{"href":"https:\/\/www.jornalcontato.com.br\/home\/index.php\/wp-json\/wp\/v2\/types\/post"}],"author":[{"embeddable":true,"href":"https:\/\/www.jornalcontato.com.br\/home\/index.php\/wp-json\/wp\/v2\/users\/1"}],"replies":[{"embeddable":true,"href":"https:\/\/www.jornalcontato.com.br\/home\/index.php\/wp-json\/wp\/v2\/comments?post=4693"}],"version-history":[{"count":3,"href":"https:\/\/www.jornalcontato.com.br\/home\/index.php\/wp-json\/wp\/v2\/posts\/4693\/revisions"}],"predecessor-version":[{"id":4817,"href":"https:\/\/www.jornalcontato.com.br\/home\/index.php\/wp-json\/wp\/v2\/posts\/4693\/revisions\/4817"}],"wp:featuredmedia":[{"embeddable":true,"href":"https:\/\/www.jornalcontato.com.br\/home\/index.php\/wp-json\/wp\/v2\/media\/4695"}],"wp:attachment":[{"href":"https:\/\/www.jornalcontato.com.br\/home\/index.php\/wp-json\/wp\/v2\/media?parent=4693"}],"wp:term":[{"taxonomy":"category","embeddable":true,"href":"https:\/\/www.jornalcontato.com.br\/home\/index.php\/wp-json\/wp\/v2\/categories?post=4693"},{"taxonomy":"post_tag","embeddable":true,"href":"https:\/\/www.jornalcontato.com.br\/home\/index.php\/wp-json\/wp\/v2\/tags?post=4693"}],"curies":[{"name":"wp","href":"https:\/\/api.w.org\/{rel}","templated":true}]}}