{"id":4681,"date":"2013-02-22T09:35:31","date_gmt":"2013-02-22T12:35:31","guid":{"rendered":"http:\/\/jornalcontato.com.br\/home\/?p=4681"},"modified":"2013-03-05T10:21:59","modified_gmt":"2013-03-05T13:21:59","slug":"edicao-583-do-jornal-contato-ja-esta-nas-bancas","status":"publish","type":"post","link":"https:\/\/www.jornalcontato.com.br\/home\/index.php\/edicao-583-do-jornal-contato-ja-esta-nas-bancas\/","title":{"rendered":"Edi\u00e7\u00e3o 583 do Jornal CONTATO j\u00e1 est\u00e1 nas bancas"},"content":{"rendered":"<p><!--more-->Confira os temperos de Tia Anast\u00e1cia na edi\u00e7\u00e3o 583 do Jornal CONTATO, que j\u00e1 est\u00e1 nas bancas.<\/p>\n<p><strong>Na mesa do governador<\/strong><\/p>\n<p>Geraldo Alckmin n\u00e3o gostou nem um pouco da atua\u00e7\u00e3o do ex-prefeito Bernardo Ortiz (PSDB) na reuni\u00e3o realizada entre representantes da prefeitura e da Ecopistas, concession\u00e1ria da rodovia Carvalho Pinto, sobre o prolongamento da mesma. O governador foi informado que Bernardo, que n\u00e3o tem qualquer cargo na prefeitura e se encontra afastado da Funda\u00e7\u00e3o<br \/>\npara o Desenvolvimento da Educa\u00e7\u00e3o \u2013 FDE, que ele presidia, adentrou \u00e0 reuni\u00e3o e ordenou a sa\u00edda dos funcion\u00e1rios municipais.<\/p>\n<p><strong>De novo? 1<\/strong><br \/>\nO aumento de 30% no sal\u00e1rio dos secret\u00e1rios municipais &#8211; barrado liminarmente pela Vara da Fazenda P\u00fablica por causa do<br \/>\nmandado de seguran\u00e7a impetrado pela vereadora Pollyana Gama (PPS) &#8211; travou a pauta da C\u00e2mara Municipal, por\u00e9m, teve um efeito colateral positivo: n\u00e3o foi votado o projeto de lei que transformava em corredores de bairro uma parte do bairro Jardim das Na\u00e7\u00f5es. Se aprovado, muitos empreendimentos poderiam surgir naquela regi\u00e3o t\u00e3o valorizada.<\/p>\n<p><strong>De novo? 2<\/strong><br \/>\nTrata-se de um projeto de lei de autoria do ent\u00e3o prefeito Roberto Peixoto. Heran\u00e7a maldita? \u201cPensei que a farra tinha acabado\u201d,<br \/>\nlamenta Tia Anast\u00e1cia, balan\u00e7ando a cabe\u00e7a&#8230;<\/p>\n<p><a href=\"http:\/\/jornalcontato.com.br\/home\/wp-content\/uploads\/2013\/02\/583.jpg\"><img loading=\"lazy\" decoding=\"async\" class=\"aligncenter size-medium wp-image-4682\" title=\"583\" src=\"http:\/\/jornalcontato.com.br\/home\/wp-content\/uploads\/2013\/02\/583-262x300.jpg\" alt=\"\" width=\"262\" height=\"300\" srcset=\"https:\/\/jornalcontato.com.br\/home\/wp-content\/uploads\/2013\/02\/583-262x300.jpg 262w, https:\/\/jornalcontato.com.br\/home\/wp-content\/uploads\/2013\/02\/583.jpg 780w\" sizes=\"auto, (max-width: 262px) 100vw, 262px\" \/><\/a><\/p>\n","protected":false},"excerpt":{"rendered":"","protected":false},"author":1,"featured_media":4683,"comment_status":"open","ping_status":"open","sticky":false,"template":"","format":"standard","meta":{"footnotes":""},"categories":[7],"tags":[],"class_list":["post-4681","post","type-post","status-publish","format-standard","has-post-thumbnail","hentry","category-reportagem"],"_links":{"self":[{"href":"https:\/\/www.jornalcontato.com.br\/home\/index.php\/wp-json\/wp\/v2\/posts\/4681","targetHints":{"allow":["GET"]}}],"collection":[{"href":"https:\/\/www.jornalcontato.com.br\/home\/index.php\/wp-json\/wp\/v2\/posts"}],"about":[{"href":"https:\/\/www.jornalcontato.com.br\/home\/index.php\/wp-json\/wp\/v2\/types\/post"}],"author":[{"embeddable":true,"href":"https:\/\/www.jornalcontato.com.br\/home\/index.php\/wp-json\/wp\/v2\/users\/1"}],"replies":[{"embeddable":true,"href":"https:\/\/www.jornalcontato.com.br\/home\/index.php\/wp-json\/wp\/v2\/comments?post=4681"}],"version-history":[{"count":4,"href":"https:\/\/www.jornalcontato.com.br\/home\/index.php\/wp-json\/wp\/v2\/posts\/4681\/revisions"}],"predecessor-version":[{"id":4685,"href":"https:\/\/www.jornalcontato.com.br\/home\/index.php\/wp-json\/wp\/v2\/posts\/4681\/revisions\/4685"}],"wp:featuredmedia":[{"embeddable":true,"href":"https:\/\/www.jornalcontato.com.br\/home\/index.php\/wp-json\/wp\/v2\/media\/4683"}],"wp:attachment":[{"href":"https:\/\/www.jornalcontato.com.br\/home\/index.php\/wp-json\/wp\/v2\/media?parent=4681"}],"wp:term":[{"taxonomy":"category","embeddable":true,"href":"https:\/\/www.jornalcontato.com.br\/home\/index.php\/wp-json\/wp\/v2\/categories?post=4681"},{"taxonomy":"post_tag","embeddable":true,"href":"https:\/\/www.jornalcontato.com.br\/home\/index.php\/wp-json\/wp\/v2\/tags?post=4681"}],"curies":[{"name":"wp","href":"https:\/\/api.w.org\/{rel}","templated":true}]}}