{"id":4674,"date":"2013-02-21T16:05:15","date_gmt":"2013-02-21T19:05:15","guid":{"rendered":"http:\/\/jornalcontato.com.br\/home\/?p=4674"},"modified":"2013-03-05T10:26:22","modified_gmt":"2013-03-05T13:26:22","slug":"condenadas-pelo-tce-contas-de-roberto-peixoto-referente-ao-exercicio-de-2006-sao-julgadas-pela-camara-de-taubate","status":"publish","type":"post","link":"https:\/\/www.jornalcontato.com.br\/home\/index.php\/condenadas-pelo-tce-contas-de-roberto-peixoto-referente-ao-exercicio-de-2006-sao-julgadas-pela-camara-de-taubate\/","title":{"rendered":"Condenadas pelo TCE, contas de Roberto Peixoto, referente ao exerc\u00edcio de 2006, s\u00e3o julgadas pela C\u00e2mara de Taubat\u00e9"},"content":{"rendered":"<p><!--more-->A Mesa Diretora convocou uma sess\u00e3o extraordin\u00e1rio para a segunda-feira, dia 25, para julgar contas do ex-prefeito Roberto Peixoto referente ao exerc\u00edcio de 2006. A sess\u00e3o foi convocada para as 15 horas.<\/p>\n<p>O Tribunal de Contas do Estado (TCE) julgou irregular as contas da Prefeitura de Taubat\u00e9 de 2006. As contas de 2005 j\u00e1 haviam sido rejeitadas pelo TCE e pela C\u00e2mara Municipal, o que levou Roberto Peixoto a perder seus direitos pol\u00edticos.<\/p>\n<p>Sobre as contas de 2006,\u00a0o conselheiro do TCE, Roque Citadini, afirmou que \u00a0\u201co munic\u00edpio n\u00e3o cumpriu o previsto no mapa or\u00e7ament\u00e1rio das despesas com precat\u00f3rios judiciais, previsto em R$ 8.238.535,05. Com reiteradas decis\u00f5es, este Tribunal vem rejeitando contas municipais que n\u00e3o cumprem com a previs\u00e3o or\u00e7ament\u00e1ria para precat\u00f3rios. Constitui irregularidade grave a falta deste pagamento, conforme previs\u00e3o constitucional\u201d.<\/p>\n<p>O relator da Comiss\u00e3o de Finan\u00e7as e Or\u00e7amento, Carlos Peixoto (PMDB), emitiu parecer pela manuten\u00e7\u00e3o do posicionamento do TCE. \u201cA omiss\u00e3o de inclus\u00e3o dos precat\u00f3rios no or\u00e7amento, ou a falta de seu pagamento, \u00e9 uma das mais odiosas formas de autoritarismo, pois o cidad\u00e3o v\u00ea a \u00faltima esperan\u00e7a em reaver o que \u00e9 seu esvair-se e sem a m\u00ednima possibilidade de recurso.\u201d<\/p>\n<p>Se o parecer for mantido, o ex-prefeito perder\u00e1 seus direitos pol\u00edticos por cinco anos e, se houver dolo, por oito anos.<\/p>\n<p>A sess\u00e3o ser\u00e1 transmitida pela TV C\u00e2mara Taubat\u00e9, canais 17 e 98 da Net, ou pelo\u00a0<em>site<\/em><a href=\"http:\/\/www.camarataubate.sp.gov.br\/tv-camara\" target=\"_blank\">www.camarataubate.sp.gov.br\/tv-camara<\/a>. Ter\u00e1 cobertura ao vivo pelas redes sociais Facebook e Twitter.<\/p>\n","protected":false},"excerpt":{"rendered":"","protected":false},"author":1,"featured_media":4675,"comment_status":"open","ping_status":"open","sticky":false,"template":"","format":"standard","meta":{"footnotes":""},"categories":[7],"tags":[],"class_list":["post-4674","post","type-post","status-publish","format-standard","has-post-thumbnail","hentry","category-reportagem"],"_links":{"self":[{"href":"https:\/\/www.jornalcontato.com.br\/home\/index.php\/wp-json\/wp\/v2\/posts\/4674","targetHints":{"allow":["GET"]}}],"collection":[{"href":"https:\/\/www.jornalcontato.com.br\/home\/index.php\/wp-json\/wp\/v2\/posts"}],"about":[{"href":"https:\/\/www.jornalcontato.com.br\/home\/index.php\/wp-json\/wp\/v2\/types\/post"}],"author":[{"embeddable":true,"href":"https:\/\/www.jornalcontato.com.br\/home\/index.php\/wp-json\/wp\/v2\/users\/1"}],"replies":[{"embeddable":true,"href":"https:\/\/www.jornalcontato.com.br\/home\/index.php\/wp-json\/wp\/v2\/comments?post=4674"}],"version-history":[{"count":5,"href":"https:\/\/www.jornalcontato.com.br\/home\/index.php\/wp-json\/wp\/v2\/posts\/4674\/revisions"}],"predecessor-version":[{"id":4679,"href":"https:\/\/www.jornalcontato.com.br\/home\/index.php\/wp-json\/wp\/v2\/posts\/4674\/revisions\/4679"}],"wp:featuredmedia":[{"embeddable":true,"href":"https:\/\/www.jornalcontato.com.br\/home\/index.php\/wp-json\/wp\/v2\/media\/4675"}],"wp:attachment":[{"href":"https:\/\/www.jornalcontato.com.br\/home\/index.php\/wp-json\/wp\/v2\/media?parent=4674"}],"wp:term":[{"taxonomy":"category","embeddable":true,"href":"https:\/\/www.jornalcontato.com.br\/home\/index.php\/wp-json\/wp\/v2\/categories?post=4674"},{"taxonomy":"post_tag","embeddable":true,"href":"https:\/\/www.jornalcontato.com.br\/home\/index.php\/wp-json\/wp\/v2\/tags?post=4674"}],"curies":[{"name":"wp","href":"https:\/\/api.w.org\/{rel}","templated":true}]}}