{"id":4663,"date":"2013-02-20T17:10:55","date_gmt":"2013-02-20T20:10:55","guid":{"rendered":"http:\/\/jornalcontato.com.br\/home\/?p=4663"},"modified":"2016-04-06T15:26:23","modified_gmt":"2016-04-06T18:26:23","slug":"nova-feira-livre-comeca-dia-16-de-marco-em-taubate","status":"publish","type":"post","link":"https:\/\/www.jornalcontato.com.br\/home\/index.php\/nova-feira-livre-comeca-dia-16-de-marco-em-taubate\/","title":{"rendered":"Nova Feira Livre come\u00e7a dia 16 de mar\u00e7o em Taubat\u00e9"},"content":{"rendered":"<p><!--more-->Por Paulo Lacerda<\/p>\n<p>O espa\u00e7o conhecido como Mercatau ser\u00e1 sede de uma nova Feira Livre, que tem in\u00edcio a partir de 16 de mar\u00e7o. A feira ocorrer\u00e1 aos s\u00e1bados das 6h \u00e0s 13h, sendo um espa\u00e7o para a dona de casa taubateana comprar parte dos alimentos do t\u00e3o especial almo\u00e7o de domingo e de todo o decorrer da semana a pre\u00e7o acess\u00edvel.<\/p>\n<p>A iniciativa proporciona alimentos de qualidade com pre\u00e7os menores do que a m\u00e9dia, em virtude do fornecimento vir diretamente de produtores.<\/p>\n<p>Al\u00e9m de frutas e verduras, ser\u00e1 poss\u00edvel comprar produtos artesanais e at\u00e9 mesmo flores. Vale ressaltar que o espa\u00e7o contar\u00e1 com estacionamento gratuito, o que facilita o acesso aos consumidores.<\/p>\n","protected":false},"excerpt":{"rendered":"","protected":false},"author":1,"featured_media":4664,"comment_status":"open","ping_status":"open","sticky":false,"template":"","format":"standard","meta":{"footnotes":""},"categories":[29,7],"tags":[],"class_list":["post-4663","post","type-post","status-publish","format-standard","has-post-thumbnail","hentry","category-regional","category-reportagem"],"_links":{"self":[{"href":"https:\/\/www.jornalcontato.com.br\/home\/index.php\/wp-json\/wp\/v2\/posts\/4663","targetHints":{"allow":["GET"]}}],"collection":[{"href":"https:\/\/www.jornalcontato.com.br\/home\/index.php\/wp-json\/wp\/v2\/posts"}],"about":[{"href":"https:\/\/www.jornalcontato.com.br\/home\/index.php\/wp-json\/wp\/v2\/types\/post"}],"author":[{"embeddable":true,"href":"https:\/\/www.jornalcontato.com.br\/home\/index.php\/wp-json\/wp\/v2\/users\/1"}],"replies":[{"embeddable":true,"href":"https:\/\/www.jornalcontato.com.br\/home\/index.php\/wp-json\/wp\/v2\/comments?post=4663"}],"version-history":[{"count":4,"href":"https:\/\/www.jornalcontato.com.br\/home\/index.php\/wp-json\/wp\/v2\/posts\/4663\/revisions"}],"predecessor-version":[{"id":11166,"href":"https:\/\/www.jornalcontato.com.br\/home\/index.php\/wp-json\/wp\/v2\/posts\/4663\/revisions\/11166"}],"wp:featuredmedia":[{"embeddable":true,"href":"https:\/\/www.jornalcontato.com.br\/home\/index.php\/wp-json\/wp\/v2\/media\/4664"}],"wp:attachment":[{"href":"https:\/\/www.jornalcontato.com.br\/home\/index.php\/wp-json\/wp\/v2\/media?parent=4663"}],"wp:term":[{"taxonomy":"category","embeddable":true,"href":"https:\/\/www.jornalcontato.com.br\/home\/index.php\/wp-json\/wp\/v2\/categories?post=4663"},{"taxonomy":"post_tag","embeddable":true,"href":"https:\/\/www.jornalcontato.com.br\/home\/index.php\/wp-json\/wp\/v2\/tags?post=4663"}],"curies":[{"name":"wp","href":"https:\/\/api.w.org\/{rel}","templated":true}]}}