{"id":4634,"date":"2013-02-19T14:35:00","date_gmt":"2013-02-19T17:35:00","guid":{"rendered":"http:\/\/jornalcontato.com.br\/home\/?p=4634"},"modified":"2013-03-01T14:49:39","modified_gmt":"2013-03-01T17:49:39","slug":"ladeira-miranda-a-construtora-mais-sustentavel-do-brasil","status":"publish","type":"post","link":"https:\/\/www.jornalcontato.com.br\/home\/index.php\/ladeira-miranda-a-construtora-mais-sustentavel-do-brasil\/","title":{"rendered":"Ladeira Miranda, a construtora mais sustent\u00e1vel do Brasil"},"content":{"rendered":"<p><!--more-->Por Karolina Alvarenga<\/p>\n<p>A empresa Ladeira Miranda Engenharia e Constru\u00e7\u00e3o foi eleita a construtora mais sustent\u00e1vel do pa\u00eds! Um feito sem precedentes na terra de Lobato. Al\u00e9m das a\u00e7\u00f5es ambientais nos canteiros de obras, o Pr\u00eamio ITCnet SustentaX de Sustentabilidade leva em considera\u00e7\u00e3o outros quesitos como gest\u00e3o sustent\u00e1vel, garantia de qualidade e de seguran\u00e7a, combate ao desperd\u00edcio, medidas para aumento de produtividade e sele\u00e7\u00e3o de fornecedores socioambientalmente respons\u00e1veis. A avalia\u00e7\u00e3o foi feita pela ITCnet em parceria com o Grupo SustetaX, especializado em sustentabilidade corporativa.<\/p>\n<p>Para participar da competi\u00e7\u00e3o, os organizadores exigiram que as construtoras fossem signat\u00e1rias do Pacto Global da ONU. Al\u00e9m disso, para se habilitar para a competi\u00e7\u00e3o, as empresas n\u00e3o poderiam ter sofrido processos ambientais ou multas por descumprimento de postura urbana, nem terem utilizado de m\u00e3o de obra escrava ou infantil nas obras. A Ladeira Miranda passou por uma auditoria documental e visita in loco de representantes do pr\u00eamio que validaram as boas pr\u00e1ticas da construtora.<\/p>\n<p>Um dos projetos piloto da construtora foi o Edif\u00edcio Via Novelle, constru\u00eddo de forma ecologicamente correta. O empreendimento consegue economizar 30% de \u00e1gua do que um pr\u00e9dio comum.<\/p>\n<p>Ademais, a premia\u00e7\u00e3o de construtora mais sustent\u00e1vel do Brasil levou em considera\u00e7\u00e3o os aspectos sociais, tais como respeito \u00e0 cidadania, contrata\u00e7\u00e3o e gest\u00e3o de pessoal, instala\u00e7\u00f5es disponibilizadas aos trabalhadores al\u00e9m do relacionamento com a vizinhan\u00e7a, dentre outros. Nesse sentido, contou a parceria da Ladeira Miranda com a Funda\u00e7\u00e3o Abrinq e com o Solar Social.<\/p>\n<p><strong>Mais pr\u00eamios<\/strong><\/p>\n<p>A Ladeira Miranda foi a vencedora da edi\u00e7\u00e3o 2012 do Pr\u00eamio ITC SustentaX nas categorias Residencial e Comercial, no n\u00edvel Platina, atingindo 89% dos itens constantes da planilha de avalia\u00e7\u00e3o que aborda os aspectos de Gest\u00e3o Sustent\u00e1vel, Responsabilidade Ambiental em Obra e Respeito \u00e0 Cidadania nos Canteiros. Trata-se da maior pontua\u00e7\u00e3o alcan\u00e7ada por uma construtora desde a institui\u00e7\u00e3o do pr\u00eamio, em 2009.<\/p>\n","protected":false},"excerpt":{"rendered":"","protected":false},"author":1,"featured_media":4635,"comment_status":"open","ping_status":"open","sticky":false,"template":"","format":"standard","meta":{"footnotes":""},"categories":[7],"tags":[],"class_list":["post-4634","post","type-post","status-publish","format-standard","has-post-thumbnail","hentry","category-reportagem"],"_links":{"self":[{"href":"https:\/\/www.jornalcontato.com.br\/home\/index.php\/wp-json\/wp\/v2\/posts\/4634","targetHints":{"allow":["GET"]}}],"collection":[{"href":"https:\/\/www.jornalcontato.com.br\/home\/index.php\/wp-json\/wp\/v2\/posts"}],"about":[{"href":"https:\/\/www.jornalcontato.com.br\/home\/index.php\/wp-json\/wp\/v2\/types\/post"}],"author":[{"embeddable":true,"href":"https:\/\/www.jornalcontato.com.br\/home\/index.php\/wp-json\/wp\/v2\/users\/1"}],"replies":[{"embeddable":true,"href":"https:\/\/www.jornalcontato.com.br\/home\/index.php\/wp-json\/wp\/v2\/comments?post=4634"}],"version-history":[{"count":8,"href":"https:\/\/www.jornalcontato.com.br\/home\/index.php\/wp-json\/wp\/v2\/posts\/4634\/revisions"}],"predecessor-version":[{"id":4637,"href":"https:\/\/www.jornalcontato.com.br\/home\/index.php\/wp-json\/wp\/v2\/posts\/4634\/revisions\/4637"}],"wp:featuredmedia":[{"embeddable":true,"href":"https:\/\/www.jornalcontato.com.br\/home\/index.php\/wp-json\/wp\/v2\/media\/4635"}],"wp:attachment":[{"href":"https:\/\/www.jornalcontato.com.br\/home\/index.php\/wp-json\/wp\/v2\/media?parent=4634"}],"wp:term":[{"taxonomy":"category","embeddable":true,"href":"https:\/\/www.jornalcontato.com.br\/home\/index.php\/wp-json\/wp\/v2\/categories?post=4634"},{"taxonomy":"post_tag","embeddable":true,"href":"https:\/\/www.jornalcontato.com.br\/home\/index.php\/wp-json\/wp\/v2\/tags?post=4634"}],"curies":[{"name":"wp","href":"https:\/\/api.w.org\/{rel}","templated":true}]}}