{"id":4624,"date":"2013-02-20T09:41:38","date_gmt":"2013-02-20T12:41:38","guid":{"rendered":"http:\/\/jornalcontato.com.br\/home\/?p=4624"},"modified":"2013-02-20T09:41:38","modified_gmt":"2013-02-20T12:41:38","slug":"em-taubate-inadimplencia-cresceu-em-janeiro-de-2013","status":"publish","type":"post","link":"https:\/\/www.jornalcontato.com.br\/home\/index.php\/em-taubate-inadimplencia-cresceu-em-janeiro-de-2013\/","title":{"rendered":"Em Taubat\u00e9, inadimpl\u00eancia cresceu em janeiro de 2013"},"content":{"rendered":"<p>Relat\u00f3rio divulgado pela Associa\u00e7\u00e3o Comercial e Industrial de Taubat\u00e9 (ACIT) no \u00faltimo dia 19 apontou aumento de 18,84% nos nomes cadastrados no banco de dados do SCPC (Servi\u00e7o Central de Prote\u00e7\u00e3o ao Cr\u00e9dito) no m\u00eas de janeiro de 2013, em rela\u00e7\u00e3o ao mesmo per\u00edodo do ano passado. A quantidade de registros tamb\u00e9m aumentou cerca de 4,5%.<\/p>\n<p>Segundo a ACIT, os n\u00fameros costumam subir no primeiro m\u00eas do ano em decorr\u00eancia dos gastos do fim de ano (Natal e ao Ano Novo) e do in\u00edcio (compra do material escolar e impostos, como o IPVA).<\/p>\n","protected":false},"excerpt":{"rendered":"<p>Relat\u00f3rio divulgado pela Associa\u00e7\u00e3o Comercial e Industrial de Taubat\u00e9 (ACIT) no \u00faltimo dia 19 apontou aumento de 18,84% nos nomes cadastrados no banco de dados &#8230;<\/p>\n","protected":false},"author":1,"featured_media":4625,"comment_status":"open","ping_status":"open","sticky":false,"template":"","format":"standard","meta":{"footnotes":""},"categories":[7],"tags":[],"class_list":["post-4624","post","type-post","status-publish","format-standard","has-post-thumbnail","hentry","category-reportagem"],"_links":{"self":[{"href":"https:\/\/www.jornalcontato.com.br\/home\/index.php\/wp-json\/wp\/v2\/posts\/4624","targetHints":{"allow":["GET"]}}],"collection":[{"href":"https:\/\/www.jornalcontato.com.br\/home\/index.php\/wp-json\/wp\/v2\/posts"}],"about":[{"href":"https:\/\/www.jornalcontato.com.br\/home\/index.php\/wp-json\/wp\/v2\/types\/post"}],"author":[{"embeddable":true,"href":"https:\/\/www.jornalcontato.com.br\/home\/index.php\/wp-json\/wp\/v2\/users\/1"}],"replies":[{"embeddable":true,"href":"https:\/\/www.jornalcontato.com.br\/home\/index.php\/wp-json\/wp\/v2\/comments?post=4624"}],"version-history":[{"count":2,"href":"https:\/\/www.jornalcontato.com.br\/home\/index.php\/wp-json\/wp\/v2\/posts\/4624\/revisions"}],"predecessor-version":[{"id":4627,"href":"https:\/\/www.jornalcontato.com.br\/home\/index.php\/wp-json\/wp\/v2\/posts\/4624\/revisions\/4627"}],"wp:featuredmedia":[{"embeddable":true,"href":"https:\/\/www.jornalcontato.com.br\/home\/index.php\/wp-json\/wp\/v2\/media\/4625"}],"wp:attachment":[{"href":"https:\/\/www.jornalcontato.com.br\/home\/index.php\/wp-json\/wp\/v2\/media?parent=4624"}],"wp:term":[{"taxonomy":"category","embeddable":true,"href":"https:\/\/www.jornalcontato.com.br\/home\/index.php\/wp-json\/wp\/v2\/categories?post=4624"},{"taxonomy":"post_tag","embeddable":true,"href":"https:\/\/www.jornalcontato.com.br\/home\/index.php\/wp-json\/wp\/v2\/tags?post=4624"}],"curies":[{"name":"wp","href":"https:\/\/api.w.org\/{rel}","templated":true}]}}