{"id":4619,"date":"2013-02-20T09:34:50","date_gmt":"2013-02-20T12:34:50","guid":{"rendered":"http:\/\/jornalcontato.com.br\/home\/?p=4619"},"modified":"2013-02-26T17:27:01","modified_gmt":"2013-02-26T20:27:01","slug":"justica-barra-aumento-salarial-de-30-para-secretarios-municipais-aprovado-pela-camara-municipal","status":"publish","type":"post","link":"https:\/\/www.jornalcontato.com.br\/home\/index.php\/justica-barra-aumento-salarial-de-30-para-secretarios-municipais-aprovado-pela-camara-municipal\/","title":{"rendered":"Justi\u00e7a barra aumento salarial de 30% para secret\u00e1rios municipais aprovado pela C\u00e2mara Municipal"},"content":{"rendered":"<p><!--more-->Por Karolina Alvarenga<\/p>\n<p>Um dia depois de ter protocolado uma mandando de seguran\u00e7a na Vara da Fazenda P\u00fablica de Taubat\u00e9 com pedido de liminar, o Juiz Paulo Roberto da Silva\u00a0determinou em car\u00e1ter liminar a suspens\u00e3o do processo legislativo 01\/2013, aprovado pela C\u00e2mara Municipal no dia 14, que concede aumento de 31,63% nos subs\u00eddios dos Secret\u00e1rios Municipais, passando de R$ 9 mil para R$ 12 mil mensais.<\/p>\n<p>A a\u00e7\u00e3o judicial havia sido protocolizada um dia antes, na tarde de segunda-feira, dia 18, pela assessoria jur\u00eddica da vereadora Pollyana Gama (PPS). Na a\u00e7\u00e3o, a parlamentar aponta supostas\u00a0\u00a0irregularidades na tramita\u00e7\u00e3o do projeto de lei, como o desrespeito \u00e0 Lei de Responsabilidade Fiscal e ao Regimento Interno da C\u00e2mara Municipal. \u201cO projeto foi votado sem os pareceres das Comiss\u00f5es de Constitui\u00e7\u00e3o e Justi\u00e7a e de Finan\u00e7as e Or\u00e7amento e n\u00e3o traz nenhum estudo de impacto financeiro para o Munic\u00edpio\u201d, destacou a vereadora.<\/p>\n<p>Al\u00e9m de ilegal, Pollyana Gama (PPS) considera a medida imoral. \u201cSe a Prefeitura est\u00e1 demitindo para enxugar a folha de pagamento, n\u00e3o h\u00e1 raz\u00e3o para aumentar sal\u00e1rio de Secret\u00e1rio. Sem contar que os reajustes do funcionalismo p\u00fablico e dos professores, garantidos pela Constitui\u00e7\u00e3o, est\u00e3o defasados e eles n\u00e3o tiveram o mesmo privil\u00e9gio. A cidade tem outras prioridades\u201d, afirmou.<\/p>\n","protected":false},"excerpt":{"rendered":"","protected":false},"author":1,"featured_media":4621,"comment_status":"open","ping_status":"open","sticky":false,"template":"","format":"standard","meta":{"footnotes":""},"categories":[7],"tags":[],"class_list":["post-4619","post","type-post","status-publish","format-standard","has-post-thumbnail","hentry","category-reportagem"],"_links":{"self":[{"href":"https:\/\/www.jornalcontato.com.br\/home\/index.php\/wp-json\/wp\/v2\/posts\/4619","targetHints":{"allow":["GET"]}}],"collection":[{"href":"https:\/\/www.jornalcontato.com.br\/home\/index.php\/wp-json\/wp\/v2\/posts"}],"about":[{"href":"https:\/\/www.jornalcontato.com.br\/home\/index.php\/wp-json\/wp\/v2\/types\/post"}],"author":[{"embeddable":true,"href":"https:\/\/www.jornalcontato.com.br\/home\/index.php\/wp-json\/wp\/v2\/users\/1"}],"replies":[{"embeddable":true,"href":"https:\/\/www.jornalcontato.com.br\/home\/index.php\/wp-json\/wp\/v2\/comments?post=4619"}],"version-history":[{"count":2,"href":"https:\/\/www.jornalcontato.com.br\/home\/index.php\/wp-json\/wp\/v2\/posts\/4619\/revisions"}],"predecessor-version":[{"id":4739,"href":"https:\/\/www.jornalcontato.com.br\/home\/index.php\/wp-json\/wp\/v2\/posts\/4619\/revisions\/4739"}],"wp:featuredmedia":[{"embeddable":true,"href":"https:\/\/www.jornalcontato.com.br\/home\/index.php\/wp-json\/wp\/v2\/media\/4621"}],"wp:attachment":[{"href":"https:\/\/www.jornalcontato.com.br\/home\/index.php\/wp-json\/wp\/v2\/media?parent=4619"}],"wp:term":[{"taxonomy":"category","embeddable":true,"href":"https:\/\/www.jornalcontato.com.br\/home\/index.php\/wp-json\/wp\/v2\/categories?post=4619"},{"taxonomy":"post_tag","embeddable":true,"href":"https:\/\/www.jornalcontato.com.br\/home\/index.php\/wp-json\/wp\/v2\/tags?post=4619"}],"curies":[{"name":"wp","href":"https:\/\/api.w.org\/{rel}","templated":true}]}}