{"id":4604,"date":"2013-02-19T16:11:33","date_gmt":"2013-02-19T19:11:33","guid":{"rendered":"http:\/\/jornalcontato.com.br\/home\/?p=4604"},"modified":"2013-02-19T16:11:33","modified_gmt":"2013-02-19T19:11:33","slug":"alunos-do-curso-de-enfermagem-da-unitau-promovem-acao-solidaria","status":"publish","type":"post","link":"https:\/\/www.jornalcontato.com.br\/home\/index.php\/alunos-do-curso-de-enfermagem-da-unitau-promovem-acao-solidaria\/","title":{"rendered":"Alunos do curso de Enfermagem da UNITAU promovem a\u00e7\u00e3o solid\u00e1ria"},"content":{"rendered":"<p>Nesta ter\u00e7a-feira, dia 19, alunos e professores da UNITAU entregaram fraldas geri\u00e1tricas e de produtos de higiene pessoal para a Casa do Anci\u00e3o Luisa de Marillac, entidade localizada na Vila S\u00e3o Jos\u00e9 que abriga 30 idosas.\u00a0Os materiais foram coletados por alunos do curso de Enfermagem durante a a\u00e7\u00e3o solid\u00e1ria fez parte das atividades realizadas para recepcionar os novos estudantes deste ano letivo.<br \/>\n\u201cTodos os anos realizamos essa a\u00e7\u00e3o solid\u00e1ria e em 2013 tivemos uma boa participa\u00e7\u00e3o dos alunos\u201d, disse a Professora Claudia Aguiar, tamb\u00e9m do curso de Enfermagem.<br \/>\n\u201cUm trote pode ser uma atividade prejudicial para o aluno, j\u00e1 uma a\u00e7\u00e3o solid\u00e1ria \u00e9 ben\u00e9fica para ele e para a sociedade\u201d, disse a estudante do 4\u00ba ano de Enfermagem e membro do Diret\u00f3rio Acad\u00eamico (DA), Gisele Aparecida dos Santos Siqueira.<\/p>\n<p><a href=\"http:\/\/jornalcontato.com.br\/home\/wp-content\/uploads\/2013\/02\/21.jpg\"><img loading=\"lazy\" decoding=\"async\" class=\"aligncenter size-medium wp-image-4609\" title=\"2\" src=\"http:\/\/jornalcontato.com.br\/home\/wp-content\/uploads\/2013\/02\/21-300x199.jpg\" alt=\"\" width=\"300\" height=\"199\" srcset=\"https:\/\/jornalcontato.com.br\/home\/wp-content\/uploads\/2013\/02\/21-300x199.jpg 300w, https:\/\/jornalcontato.com.br\/home\/wp-content\/uploads\/2013\/02\/21-1024x682.jpg 1024w, https:\/\/jornalcontato.com.br\/home\/wp-content\/uploads\/2013\/02\/21.jpg 1772w\" sizes=\"auto, (max-width: 300px) 100vw, 300px\" \/><\/a><\/p>\n","protected":false},"excerpt":{"rendered":"<p>Nesta ter\u00e7a-feira, dia 19, alunos e professores da UNITAU entregaram fraldas geri\u00e1tricas e de produtos de higiene pessoal para a Casa do Anci\u00e3o Luisa de &#8230;<\/p>\n","protected":false},"author":1,"featured_media":4610,"comment_status":"open","ping_status":"open","sticky":false,"template":"","format":"standard","meta":{"footnotes":""},"categories":[7],"tags":[],"class_list":["post-4604","post","type-post","status-publish","format-standard","has-post-thumbnail","hentry","category-reportagem"],"_links":{"self":[{"href":"https:\/\/www.jornalcontato.com.br\/home\/index.php\/wp-json\/wp\/v2\/posts\/4604","targetHints":{"allow":["GET"]}}],"collection":[{"href":"https:\/\/www.jornalcontato.com.br\/home\/index.php\/wp-json\/wp\/v2\/posts"}],"about":[{"href":"https:\/\/www.jornalcontato.com.br\/home\/index.php\/wp-json\/wp\/v2\/types\/post"}],"author":[{"embeddable":true,"href":"https:\/\/www.jornalcontato.com.br\/home\/index.php\/wp-json\/wp\/v2\/users\/1"}],"replies":[{"embeddable":true,"href":"https:\/\/www.jornalcontato.com.br\/home\/index.php\/wp-json\/wp\/v2\/comments?post=4604"}],"version-history":[{"count":2,"href":"https:\/\/www.jornalcontato.com.br\/home\/index.php\/wp-json\/wp\/v2\/posts\/4604\/revisions"}],"predecessor-version":[{"id":4612,"href":"https:\/\/www.jornalcontato.com.br\/home\/index.php\/wp-json\/wp\/v2\/posts\/4604\/revisions\/4612"}],"wp:featuredmedia":[{"embeddable":true,"href":"https:\/\/www.jornalcontato.com.br\/home\/index.php\/wp-json\/wp\/v2\/media\/4610"}],"wp:attachment":[{"href":"https:\/\/www.jornalcontato.com.br\/home\/index.php\/wp-json\/wp\/v2\/media?parent=4604"}],"wp:term":[{"taxonomy":"category","embeddable":true,"href":"https:\/\/www.jornalcontato.com.br\/home\/index.php\/wp-json\/wp\/v2\/categories?post=4604"},{"taxonomy":"post_tag","embeddable":true,"href":"https:\/\/www.jornalcontato.com.br\/home\/index.php\/wp-json\/wp\/v2\/tags?post=4604"}],"curies":[{"name":"wp","href":"https:\/\/api.w.org\/{rel}","templated":true}]}}