{"id":4575,"date":"2013-02-18T12:20:08","date_gmt":"2013-02-18T15:20:08","guid":{"rendered":"http:\/\/jornalcontato.com.br\/home\/?p=4575"},"modified":"2016-04-06T15:26:45","modified_gmt":"2016-04-06T18:26:45","slug":"tributo-a-elpidio-dos-santos-dia-21-no-sesc-em-sjc","status":"publish","type":"post","link":"https:\/\/www.jornalcontato.com.br\/home\/index.php\/tributo-a-elpidio-dos-santos-dia-21-no-sesc-em-sjc\/","title":{"rendered":"Tributo a Elp\u00eddio dos Santos no SESC em SJC"},"content":{"rendered":"<p>Na quinta-feira, dia 21, \u00e0s 20h, o Grupo Paranga e os m\u00fasicos Renato Teixeira, Chico Teixeira e Gabriel Sater fazem um show em homenagem a Elp\u00eddio dos Santos no SESC de 0S\u00e3o Jos\u00e9 dos Campos. Ser\u00e1 um repert\u00f3rio variado, com can\u00e7\u00f5es de autoria do homenageado e dos m\u00fasicos presentes. Elp\u00eddio dos Santos faleceu no dia 3 de setembro de 1970 e deixou mais de mil composi\u00e7\u00f5es, que foram catalogadas pela fam\u00edlia.<\/p>\n<p>A apresenta\u00e7\u00e3o acontece no Gin\u00e1sio do SESC, com capacidade de 650 assentos. Valores dos ingressos de R$ 5,00 a R$ 20,00. O SESC em\u00a0S\u00e3o Jos\u00e9 dos Campos fica na Av. Adhemar de Barros, 999, Jardim S\u00e3o Dimas. Mais informa\u00e7\u00f5es pelo telefone (12) 3904.2000.<\/p>\n","protected":false},"excerpt":{"rendered":"<p>Na quinta-feira, dia 21, \u00e0s 20h, o Grupo Paranga e os m\u00fasicos Renato Teixeira, Chico Teixeira e Gabriel Sater fazem um show em homenagem a &#8230;<\/p>\n","protected":false},"author":1,"featured_media":4576,"comment_status":"open","ping_status":"open","sticky":false,"template":"","format":"standard","meta":{"footnotes":""},"categories":[29,7],"tags":[],"class_list":["post-4575","post","type-post","status-publish","format-standard","has-post-thumbnail","hentry","category-regional","category-reportagem"],"_links":{"self":[{"href":"https:\/\/www.jornalcontato.com.br\/home\/index.php\/wp-json\/wp\/v2\/posts\/4575","targetHints":{"allow":["GET"]}}],"collection":[{"href":"https:\/\/www.jornalcontato.com.br\/home\/index.php\/wp-json\/wp\/v2\/posts"}],"about":[{"href":"https:\/\/www.jornalcontato.com.br\/home\/index.php\/wp-json\/wp\/v2\/types\/post"}],"author":[{"embeddable":true,"href":"https:\/\/www.jornalcontato.com.br\/home\/index.php\/wp-json\/wp\/v2\/users\/1"}],"replies":[{"embeddable":true,"href":"https:\/\/www.jornalcontato.com.br\/home\/index.php\/wp-json\/wp\/v2\/comments?post=4575"}],"version-history":[{"count":4,"href":"https:\/\/www.jornalcontato.com.br\/home\/index.php\/wp-json\/wp\/v2\/posts\/4575\/revisions"}],"predecessor-version":[{"id":11168,"href":"https:\/\/www.jornalcontato.com.br\/home\/index.php\/wp-json\/wp\/v2\/posts\/4575\/revisions\/11168"}],"wp:featuredmedia":[{"embeddable":true,"href":"https:\/\/www.jornalcontato.com.br\/home\/index.php\/wp-json\/wp\/v2\/media\/4576"}],"wp:attachment":[{"href":"https:\/\/www.jornalcontato.com.br\/home\/index.php\/wp-json\/wp\/v2\/media?parent=4575"}],"wp:term":[{"taxonomy":"category","embeddable":true,"href":"https:\/\/www.jornalcontato.com.br\/home\/index.php\/wp-json\/wp\/v2\/categories?post=4575"},{"taxonomy":"post_tag","embeddable":true,"href":"https:\/\/www.jornalcontato.com.br\/home\/index.php\/wp-json\/wp\/v2\/tags?post=4575"}],"curies":[{"name":"wp","href":"https:\/\/api.w.org\/{rel}","templated":true}]}}