{"id":457,"date":"2012-07-19T14:50:12","date_gmt":"2012-07-19T17:50:12","guid":{"rendered":"http:\/\/jornalcontato.com.br\/home\/?p=457"},"modified":"2012-08-17T14:51:26","modified_gmt":"2012-08-17T17:51:26","slug":"mais-uma-denuncia-contra-a-fde","status":"publish","type":"post","link":"https:\/\/www.jornalcontato.com.br\/home\/index.php\/mais-uma-denuncia-contra-a-fde\/","title":{"rendered":"Mais uma den\u00fancia contra a FDE"},"content":{"rendered":"<p>O jornal Di\u00e1rio de S.Paulo divulgou na edi\u00e7\u00e3o desta quinta-feira, dia 19, uma reportagem sobre a Funda\u00e7\u00e3o para o Desenvolvimento da Educa\u00e7\u00e3o (FDE), presidida pelo ex-prefeito Jos\u00e9 Bernardo Ortiz (PSDB), sobre as milhares de apostilas da rede estadual de ensino que transformaram-se material recicl\u00e1vel. Trata-se de mais uma den\u00fancia promovida neste ano eleitoral pela bancada de deputados estaduais do PT na Assembleia Legislativa. Por\u00e9m, at\u00e9 mesmo a presidente da petista APEOESP admite que &#8220;sempre ouviu falar em desperd\u00edcio, mas nunca ningu\u00e9m comprovou&#8221;, como pode ser lido na reportagem.<\/p>\n<p>CONTATO tem sido pressionado a publicar not\u00edcias das supostas falcatruas de Bernardo Ortiz na FDE. E tem corajosamente apontado as inconsist\u00eancias dessas den\u00fancias. Os difamadores de plant\u00e3o, por sua vez, tentam divulgar a vers\u00e3o de estamos querendo favorecer o candidato a prefeito do PSDB em Taubat\u00e9, filho do presidente da FDE. Paci\u00eancia. E at\u00e9 a pr\u00f3xima den\u00fancia. Quando alguma delas merecer cr\u00e9dito, CONTATO pautar\u00e1 e publicar\u00e1 em suas p\u00e1ginas.<\/p>\n<div><strong>Confira a mat\u00e9ria abaixo:<\/strong><\/div>\n<div><\/div>\n<div><a href=\"http:\/\/jornalcontato.com.br\/home\/wp-content\/uploads\/2012\/08\/tabelaFDE.jpg\"><img loading=\"lazy\" decoding=\"async\" class=\"aligncenter size-medium wp-image-458\" title=\"tabelaFDE\" src=\"http:\/\/jornalcontato.com.br\/home\/wp-content\/uploads\/2012\/08\/tabelaFDE-300x150.jpg\" alt=\"\" width=\"300\" height=\"150\" srcset=\"https:\/\/jornalcontato.com.br\/home\/wp-content\/uploads\/2012\/08\/tabelaFDE-300x150.jpg 300w, https:\/\/jornalcontato.com.br\/home\/wp-content\/uploads\/2012\/08\/tabelaFDE-1024x515.jpg 1024w, https:\/\/jornalcontato.com.br\/home\/wp-content\/uploads\/2012\/08\/tabelaFDE.jpg 1600w\" sizes=\"auto, (max-width: 300px) 100vw, 300px\" \/><\/a><\/div>\n<div><\/div>\n<div>\n<div><em>A FDE (Funda\u00e7\u00e3o para o Desenvolvimento da Educa\u00e7\u00e3o), ligada \u00e0 Secretaria Estadual da Educa\u00e7\u00e3o e dona de um\u00a0 or\u00e7amento de R$ 3,2 bilh\u00f5es por ano, destruiu toneladas de apostilas novas, conhecidas como caderno do aluno. O material seria destinado a estudantes do segundo ciclo do ensino fundamental e do ensino m\u00e9dio.<\/em><\/div>\n<div><em>Os livros, estocados em tr\u00eas galp\u00f5es alugados pela funda\u00e7\u00e3o em Louveira, no interior, e em Jandira, na Grande S\u00e3o Paulo, teriam sido comprados em excesso. O DI\u00c1RIO teve acesso a fotos que mostram a estocagem dos kits em galp\u00f5es lotados, um caminh\u00e3o sendo carregado com o material escolar e seguindo, escoltado por uma viatura oficial, at\u00e9 a empresa de aparas de papel Scrap, onde foi transformado em sucata para reciclagem.<\/em><\/div>\n<div><em>O descarte ocorreu entre 2 e 13 de maio do ano passado. Os galp\u00f5es foram alugados das empresas TCI Log\u00edstica e Tzar Transportes. Na \u00e9poca, in\u00fameras den\u00fancias de descarte de lotes de livros did\u00e1ticos \u2013 novos e sem queixa de roubo \u2013 pipocaram em diversos pontos do estado, mas a pol\u00edcia nada comprovou.<\/em><\/div>\n<div><em>O presidente da funda\u00e7\u00e3o \u00e9 o ex-prefeito de Taubat\u00e9, Jos\u00e9 Bernardo Ortiz, que responde a\u00a0 processos por improbidade administrativa. Recentemente ele foi condenado em um deles. Ortiz assumiu o cargo em janeiro de 2011. Em nota, a FDE afirma que se trata de material inserv\u00edvel, devolvido por alunos ap\u00f3s o uso. Ainda segundo a nota, os cadernos estavam ocupando espa\u00e7o nas escolas. \u201cTodo material \u00e9 recolhido pela FDE e encaminhado para triagem, na qual s\u00e3o separados os cadernos que podem ser reaproveitados e os que devem ser enviados para reciclagem. Nos galp\u00f5es ficam apenas os cadernos usados\u201d, diz.<\/em><\/div>\n<div><em>Os kits caderno do aluno s\u00e3o impressos a cada bimestre e entregues nas escolas. A quantidade, segundo a funda\u00e7\u00e3o, \u00e9 definida de acordo com o n\u00famero de alunos matriculados na rede e inclui reserva de 1% destinada \u00e0s diretorias regionais de ensino. A FDE afirma que, caso sobrem,\u00a0 os exemplares novos s\u00e3o descontados da compra posterior. A funda\u00e7\u00e3o, por\u00e9m, n\u00e3o explica como em 2011 adquiriu 4 milh\u00f5es de exemplares a mais do que em 2010.<\/em><\/div>\n<div><em>A FDE afirma que a destina\u00e7\u00e3o do material escolar se d\u00e1 em forma de compensa\u00e7\u00e3o. \u201cA FDE n\u00e3o recebe nada pelo material, mas tamb\u00e9m n\u00e3o paga nada \u00e0 empresa pela destina\u00e7\u00e3o.\u201d No entanto, n\u00e3o apresenta planilha comprovando a compensa\u00e7\u00e3o e admite que, para ela, \u00e9 oneroso manter cadernos estocados. Pessoas ligadas \u00e0 FDE\u00a0 dizem que s\u00f3 pelo primeiro descarte a Scrap teria pago R$ 45 mil a um de seus representantes.<\/em><\/div>\n<div><em>Um decreto de maio de 1987, assinado pelo ent\u00e3o governador Orestes Qu\u00e9rcia, diz que todo material inserv\u00edvel do Estado ser\u00e1 encaminhado para o Fundo de Solidariedade Social, mas a FDE afirma que o custo com o transporte e processamento seria maior do que o lucro do fundo, apesar de n\u00e3o ter consultado o \u00f3rg\u00e3o, segundo a den\u00fancia.<\/em><\/div>\n<\/div>\n","protected":false},"excerpt":{"rendered":"<p>O jornal Di\u00e1rio de S.Paulo divulgou na edi\u00e7\u00e3o desta quinta-feira, dia 19, uma reportagem sobre a Funda\u00e7\u00e3o para o Desenvolvimento da Educa\u00e7\u00e3o (FDE), presidida pelo &#8230;<\/p>\n","protected":false},"author":1,"featured_media":458,"comment_status":"open","ping_status":"open","sticky":false,"template":"","format":"standard","meta":{"footnotes":""},"categories":[7],"tags":[],"class_list":["post-457","post","type-post","status-publish","format-standard","has-post-thumbnail","hentry","category-reportagem"],"_links":{"self":[{"href":"https:\/\/www.jornalcontato.com.br\/home\/index.php\/wp-json\/wp\/v2\/posts\/457","targetHints":{"allow":["GET"]}}],"collection":[{"href":"https:\/\/www.jornalcontato.com.br\/home\/index.php\/wp-json\/wp\/v2\/posts"}],"about":[{"href":"https:\/\/www.jornalcontato.com.br\/home\/index.php\/wp-json\/wp\/v2\/types\/post"}],"author":[{"embeddable":true,"href":"https:\/\/www.jornalcontato.com.br\/home\/index.php\/wp-json\/wp\/v2\/users\/1"}],"replies":[{"embeddable":true,"href":"https:\/\/www.jornalcontato.com.br\/home\/index.php\/wp-json\/wp\/v2\/comments?post=457"}],"version-history":[{"count":1,"href":"https:\/\/www.jornalcontato.com.br\/home\/index.php\/wp-json\/wp\/v2\/posts\/457\/revisions"}],"predecessor-version":[{"id":461,"href":"https:\/\/www.jornalcontato.com.br\/home\/index.php\/wp-json\/wp\/v2\/posts\/457\/revisions\/461"}],"wp:featuredmedia":[{"embeddable":true,"href":"https:\/\/www.jornalcontato.com.br\/home\/index.php\/wp-json\/wp\/v2\/media\/458"}],"wp:attachment":[{"href":"https:\/\/www.jornalcontato.com.br\/home\/index.php\/wp-json\/wp\/v2\/media?parent=457"}],"wp:term":[{"taxonomy":"category","embeddable":true,"href":"https:\/\/www.jornalcontato.com.br\/home\/index.php\/wp-json\/wp\/v2\/categories?post=457"},{"taxonomy":"post_tag","embeddable":true,"href":"https:\/\/www.jornalcontato.com.br\/home\/index.php\/wp-json\/wp\/v2\/tags?post=457"}],"curies":[{"name":"wp","href":"https:\/\/api.w.org\/{rel}","templated":true}]}}