{"id":4559,"date":"2013-02-15T13:34:07","date_gmt":"2013-02-15T16:34:07","guid":{"rendered":"http:\/\/jornalcontato.com.br\/home\/?p=4559"},"modified":"2013-02-26T17:25:59","modified_gmt":"2013-02-26T20:25:59","slug":"edicao-582-do-jornal-contato-ja-esta-nas-bancas","status":"publish","type":"post","link":"https:\/\/www.jornalcontato.com.br\/home\/index.php\/edicao-582-do-jornal-contato-ja-esta-nas-bancas\/","title":{"rendered":"Edi\u00e7\u00e3o 582 do Jornal CONTATO j\u00e1 est\u00e1 nas bancas"},"content":{"rendered":"<p><!--more-->Confira os temperos de Tia Anast\u00e1cia na edi\u00e7\u00e3o 582 do Jornal CONTATO<\/p>\n<p><strong>Estranha reuni\u00e3o 1<\/strong><br \/>\nTia Anast\u00e1cia ficou intrigada ao\u00a0saber da reuni\u00e3o realizada na casa\u00a0do deputado estadual Padre Afonso\u00a0(PV) entre a secret\u00e1ria de Sa\u00fade,\u00a0Aldin\u00e9ia Martins, e representantes\u00a0da Pr\u00f3-vis\u00e3o. \u201cSer\u00e1 que o meu amigo\u00a0J\u00fanior est\u00e1 sabendo destas coisas?\u201d,\u00a0pergunta Tia Anast\u00e1cia.<br \/>\n<strong>Estranha reuni\u00e3o 2<\/strong><br \/>\nO prefeito Ortiz J\u00fanior\u00a0(PSDB) e a secret\u00e1ria Aldineia\u00a0Martins (Padre Afonso\u00a0est\u00e1 cansado de saber), se quiserem\u00a0tirar alguma d\u00favida basta\u00a0consultar a edi\u00e7\u00e3o 329 do Jornal\u00a0CONTATO para se informar\u00a0como eram as rela\u00e7\u00f5es da dire\u00e7\u00e3o\u00a0da entidade em Taubat\u00e9\u00a0com a prefeitura de Peixoto e, de\u00a0quebra, com a Home Care.<br \/>\n<strong>Estranha reuni\u00e3o 3<\/strong><br \/>\nSe Ortiz J\u00fanior e Aldineia\u00a0Martins quiserem descobrir de\u00a0fato, descobrir\u00e3o quantas vezes\u00a0o diretor do Jornal CONTATO\u00a0foi amea\u00e7ado pelo m\u00e9dico Pedro\u00a0Luiz, respons\u00e1vel pela Pr\u00f3 Vis\u00e3o\u00a0em Taubat\u00e9 e diretor da Conection\u00a0World Ltda, representante\u00a0a filantr\u00f3pica.<\/p>\n<p><a href=\"http:\/\/jornalcontato.com.br\/home\/wp-content\/uploads\/2013\/02\/5821.jpg\"><img loading=\"lazy\" decoding=\"async\" class=\"aligncenter size-medium wp-image-4561\" title=\"582\" src=\"http:\/\/jornalcontato.com.br\/home\/wp-content\/uploads\/2013\/02\/5821-262x300.jpg\" alt=\"\" width=\"262\" height=\"300\" srcset=\"https:\/\/jornalcontato.com.br\/home\/wp-content\/uploads\/2013\/02\/5821-262x300.jpg 262w, https:\/\/jornalcontato.com.br\/home\/wp-content\/uploads\/2013\/02\/5821.jpg 780w\" sizes=\"auto, (max-width: 262px) 100vw, 262px\" \/><\/a><\/p>\n","protected":false},"excerpt":{"rendered":"","protected":false},"author":1,"featured_media":4562,"comment_status":"open","ping_status":"open","sticky":false,"template":"","format":"standard","meta":{"footnotes":""},"categories":[7],"tags":[],"class_list":["post-4559","post","type-post","status-publish","format-standard","has-post-thumbnail","hentry","category-reportagem"],"_links":{"self":[{"href":"https:\/\/www.jornalcontato.com.br\/home\/index.php\/wp-json\/wp\/v2\/posts\/4559","targetHints":{"allow":["GET"]}}],"collection":[{"href":"https:\/\/www.jornalcontato.com.br\/home\/index.php\/wp-json\/wp\/v2\/posts"}],"about":[{"href":"https:\/\/www.jornalcontato.com.br\/home\/index.php\/wp-json\/wp\/v2\/types\/post"}],"author":[{"embeddable":true,"href":"https:\/\/www.jornalcontato.com.br\/home\/index.php\/wp-json\/wp\/v2\/users\/1"}],"replies":[{"embeddable":true,"href":"https:\/\/www.jornalcontato.com.br\/home\/index.php\/wp-json\/wp\/v2\/comments?post=4559"}],"version-history":[{"count":4,"href":"https:\/\/www.jornalcontato.com.br\/home\/index.php\/wp-json\/wp\/v2\/posts\/4559\/revisions"}],"predecessor-version":[{"id":4565,"href":"https:\/\/www.jornalcontato.com.br\/home\/index.php\/wp-json\/wp\/v2\/posts\/4559\/revisions\/4565"}],"wp:featuredmedia":[{"embeddable":true,"href":"https:\/\/www.jornalcontato.com.br\/home\/index.php\/wp-json\/wp\/v2\/media\/4562"}],"wp:attachment":[{"href":"https:\/\/www.jornalcontato.com.br\/home\/index.php\/wp-json\/wp\/v2\/media?parent=4559"}],"wp:term":[{"taxonomy":"category","embeddable":true,"href":"https:\/\/www.jornalcontato.com.br\/home\/index.php\/wp-json\/wp\/v2\/categories?post=4559"},{"taxonomy":"post_tag","embeddable":true,"href":"https:\/\/www.jornalcontato.com.br\/home\/index.php\/wp-json\/wp\/v2\/tags?post=4559"}],"curies":[{"name":"wp","href":"https:\/\/api.w.org\/{rel}","templated":true}]}}