{"id":4552,"date":"2013-02-14T12:20:05","date_gmt":"2013-02-14T15:20:05","guid":{"rendered":"http:\/\/jornalcontato.com.br\/home\/?p=4552"},"modified":"2013-02-26T17:25:53","modified_gmt":"2013-02-26T20:25:53","slug":"exposicao-de-arte-em-taubate","status":"publish","type":"post","link":"https:\/\/www.jornalcontato.com.br\/home\/index.php\/exposicao-de-arte-em-taubate\/","title":{"rendered":"Exposi\u00e7\u00e3o de arte em Taubat\u00e9"},"content":{"rendered":"<p><!--more-->Conhecido nacionalmente por ilustrar grandes obras de Rachel de Queiroz e Jorge Amado, o artista cearense Aldemir Martins, especializado em artes visuais, ser\u00e1 tema da exposi\u00e7\u00e3o in\u00e9dita que homenageia seus 90 anos de idade.<\/p>\n<div>A exposi\u00e7\u00e3o, que ficar\u00e1 na pra\u00e7a de alimenta\u00e7\u00e3o do Taubat\u00e9 Shopping, mostrar\u00e1 gravuras p\u00f3s-mortem, esculturas, camisetas, baralhos e livros que retratam detalhes da vida e obra de Aldemir, tendo como principal marca de sua carreira art\u00edstica, desenhos de paisagens e animais. A exposi\u00e7\u00e3o vai funcionar entre os dias 19 de fevereiro e 3 de mar\u00e7o, de segunda \u00e0 s\u00e1bado das 10h \u00e0s 22h e domingo das 13h \u00e0s 20h.<\/div>\n<div>A curadoria da exposi\u00e7\u00e3o \u00e9 de Pedro Martins, com apoio da Secretaria de Turismo e Cultura de Taubat\u00e9 e colabora\u00e7\u00e3o do Est\u00fadio Aldemir Martins.<\/div>\n","protected":false},"excerpt":{"rendered":"","protected":false},"author":1,"featured_media":4554,"comment_status":"open","ping_status":"open","sticky":false,"template":"","format":"standard","meta":{"footnotes":""},"categories":[7],"tags":[],"class_list":["post-4552","post","type-post","status-publish","format-standard","has-post-thumbnail","hentry","category-reportagem"],"_links":{"self":[{"href":"https:\/\/www.jornalcontato.com.br\/home\/index.php\/wp-json\/wp\/v2\/posts\/4552","targetHints":{"allow":["GET"]}}],"collection":[{"href":"https:\/\/www.jornalcontato.com.br\/home\/index.php\/wp-json\/wp\/v2\/posts"}],"about":[{"href":"https:\/\/www.jornalcontato.com.br\/home\/index.php\/wp-json\/wp\/v2\/types\/post"}],"author":[{"embeddable":true,"href":"https:\/\/www.jornalcontato.com.br\/home\/index.php\/wp-json\/wp\/v2\/users\/1"}],"replies":[{"embeddable":true,"href":"https:\/\/www.jornalcontato.com.br\/home\/index.php\/wp-json\/wp\/v2\/comments?post=4552"}],"version-history":[{"count":3,"href":"https:\/\/www.jornalcontato.com.br\/home\/index.php\/wp-json\/wp\/v2\/posts\/4552\/revisions"}],"predecessor-version":[{"id":4734,"href":"https:\/\/www.jornalcontato.com.br\/home\/index.php\/wp-json\/wp\/v2\/posts\/4552\/revisions\/4734"}],"wp:featuredmedia":[{"embeddable":true,"href":"https:\/\/www.jornalcontato.com.br\/home\/index.php\/wp-json\/wp\/v2\/media\/4554"}],"wp:attachment":[{"href":"https:\/\/www.jornalcontato.com.br\/home\/index.php\/wp-json\/wp\/v2\/media?parent=4552"}],"wp:term":[{"taxonomy":"category","embeddable":true,"href":"https:\/\/www.jornalcontato.com.br\/home\/index.php\/wp-json\/wp\/v2\/categories?post=4552"},{"taxonomy":"post_tag","embeddable":true,"href":"https:\/\/www.jornalcontato.com.br\/home\/index.php\/wp-json\/wp\/v2\/tags?post=4552"}],"curies":[{"name":"wp","href":"https:\/\/api.w.org\/{rel}","templated":true}]}}