{"id":4489,"date":"2013-02-07T15:58:52","date_gmt":"2013-02-07T18:58:52","guid":{"rendered":"http:\/\/jornalcontato.com.br\/home\/?p=4489"},"modified":"2013-02-07T15:58:52","modified_gmt":"2013-02-07T18:58:52","slug":"crianca-e-adolescente-em-pauta","status":"publish","type":"post","link":"https:\/\/www.jornalcontato.com.br\/home\/index.php\/crianca-e-adolescente-em-pauta\/","title":{"rendered":"Crian\u00e7a e adolescente em pauta"},"content":{"rendered":"<p>O Conselho Municipal de Direito da Crian\u00e7a e do Adolescente (CMDCA) realiza no pr\u00f3ximo dia 21 um semin\u00e1rio sobre o fortalecimento do sistema de garantia dos direitos das crian\u00e7as e dos adolescentes. O evento acontece das 7h \u00e0s 18h, no SEDES (Sistema Educacional de Desenvolvimento Social).<\/p>\n<p>O semin\u00e1rio ter\u00e1 um projeto de qualifica\u00e7\u00e3o de profissionais envolvidos com a causa social de crian\u00e7as e jovens, visando assim, melhorias para o atendimento de quest\u00f5es ligadas \u00e0 inf\u00e2ncia e juventude. O evento contar\u00e1 com a participa\u00e7\u00e3o de 39 munic\u00edpios da regi\u00e3o de Vale do Para\u00edba, Serra da Mantiqueira e Litoral Norte.<\/p>\n","protected":false},"excerpt":{"rendered":"<p>O Conselho Municipal de Direito da Crian\u00e7a e do Adolescente (CMDCA) realiza no pr\u00f3ximo dia 21 um semin\u00e1rio sobre o fortalecimento do sistema de garantia &#8230;<\/p>\n","protected":false},"author":1,"featured_media":4492,"comment_status":"open","ping_status":"open","sticky":false,"template":"","format":"standard","meta":{"footnotes":""},"categories":[7],"tags":[],"class_list":["post-4489","post","type-post","status-publish","format-standard","has-post-thumbnail","hentry","category-reportagem"],"_links":{"self":[{"href":"https:\/\/www.jornalcontato.com.br\/home\/index.php\/wp-json\/wp\/v2\/posts\/4489","targetHints":{"allow":["GET"]}}],"collection":[{"href":"https:\/\/www.jornalcontato.com.br\/home\/index.php\/wp-json\/wp\/v2\/posts"}],"about":[{"href":"https:\/\/www.jornalcontato.com.br\/home\/index.php\/wp-json\/wp\/v2\/types\/post"}],"author":[{"embeddable":true,"href":"https:\/\/www.jornalcontato.com.br\/home\/index.php\/wp-json\/wp\/v2\/users\/1"}],"replies":[{"embeddable":true,"href":"https:\/\/www.jornalcontato.com.br\/home\/index.php\/wp-json\/wp\/v2\/comments?post=4489"}],"version-history":[{"count":1,"href":"https:\/\/www.jornalcontato.com.br\/home\/index.php\/wp-json\/wp\/v2\/posts\/4489\/revisions"}],"predecessor-version":[{"id":4493,"href":"https:\/\/www.jornalcontato.com.br\/home\/index.php\/wp-json\/wp\/v2\/posts\/4489\/revisions\/4493"}],"wp:featuredmedia":[{"embeddable":true,"href":"https:\/\/www.jornalcontato.com.br\/home\/index.php\/wp-json\/wp\/v2\/media\/4492"}],"wp:attachment":[{"href":"https:\/\/www.jornalcontato.com.br\/home\/index.php\/wp-json\/wp\/v2\/media?parent=4489"}],"wp:term":[{"taxonomy":"category","embeddable":true,"href":"https:\/\/www.jornalcontato.com.br\/home\/index.php\/wp-json\/wp\/v2\/categories?post=4489"},{"taxonomy":"post_tag","embeddable":true,"href":"https:\/\/www.jornalcontato.com.br\/home\/index.php\/wp-json\/wp\/v2\/tags?post=4489"}],"curies":[{"name":"wp","href":"https:\/\/api.w.org\/{rel}","templated":true}]}}