{"id":4479,"date":"2013-02-07T13:03:18","date_gmt":"2013-02-07T16:03:18","guid":{"rendered":"http:\/\/jornalcontato.com.br\/home\/?p=4479"},"modified":"2013-02-19T09:29:41","modified_gmt":"2013-02-19T12:29:41","slug":"comissao-de-etica-na-camara-municipal","status":"publish","type":"post","link":"https:\/\/www.jornalcontato.com.br\/home\/index.php\/comissao-de-etica-na-camara-municipal\/","title":{"rendered":"Comiss\u00e3o de \u00c9tica na C\u00e2mara Municipal"},"content":{"rendered":"<p><!--more-->A primeira sess\u00e3o ordin\u00e1ria da C\u00e2mara Municipal de Taubat\u00e9, realizada na tarde de quarta-feira, dia 6, marcou o in\u00edcio do processo para a forma\u00e7\u00e3o da Comiss\u00e3o de \u00c9tica da Casa. Vereadora Gra\u00e7a (PSB), Presidente do Legislativo, deu in\u00edcio aos procedimentos para a escolha dos membros da Comiss\u00e3o de \u00c9tica, solicitando a indica\u00e7\u00e3o de parlamentares por parte dos l\u00edderes partid\u00e1rios. A escolha ser\u00e1 no dia 20 de fevereiro.<\/p>\n<p>Para integrar a comiss\u00e3o, o vereador n\u00e3o pode ter pend\u00eancia com a Justi\u00e7a. \u201cSomente poder\u00e1 integrar a Comiss\u00e3o de \u00c9tica o vereador que n\u00e3o tenha sido apenado por qualquer infra\u00e7\u00e3o disciplinar, independentemente da sess\u00e3o legislativa ou da legislatura\u201d, ressaltou a vereadora Gra\u00e7a durante a leitura do C\u00f3digo de \u00c9tica, que ser\u00e1 formada por cinco membros e quatro suplentes, que ter\u00e3o o mandato pelo per\u00edodo de um ano. As indica\u00e7\u00f5es poder\u00e3o ser apresentadas at\u00e9 o dia 20 \u00e0 Mesa Diretora, que tem direito \u00e0 escolha final.<\/p>\n<p>O C\u00f3digo de \u00c9tica foi institu\u00eddo em 2009 pela resolu\u00e7\u00e3o de n\u00ba 139. Nele est\u00e3o inseridos os deveres fundamentais da verean\u00e7a, al\u00e9m de quest\u00f5es de \u00e9tica e decoro parlamentar, infra\u00e7\u00f5es e penalidades, processo e procedimento e processo disciplinar. S\u00f3 resta torcer para que a Comiss\u00e3o de \u00c9tica n\u00e3o seja engolida pelo corporativismo ap\u00f3s o in\u00edcio dos trabalhos.<\/p>\n<p>&nbsp;<\/p>\n","protected":false},"excerpt":{"rendered":"","protected":false},"author":1,"featured_media":4482,"comment_status":"open","ping_status":"open","sticky":false,"template":"","format":"standard","meta":{"footnotes":""},"categories":[7],"tags":[],"class_list":["post-4479","post","type-post","status-publish","format-standard","has-post-thumbnail","hentry","category-reportagem"],"_links":{"self":[{"href":"https:\/\/www.jornalcontato.com.br\/home\/index.php\/wp-json\/wp\/v2\/posts\/4479","targetHints":{"allow":["GET"]}}],"collection":[{"href":"https:\/\/www.jornalcontato.com.br\/home\/index.php\/wp-json\/wp\/v2\/posts"}],"about":[{"href":"https:\/\/www.jornalcontato.com.br\/home\/index.php\/wp-json\/wp\/v2\/types\/post"}],"author":[{"embeddable":true,"href":"https:\/\/www.jornalcontato.com.br\/home\/index.php\/wp-json\/wp\/v2\/users\/1"}],"replies":[{"embeddable":true,"href":"https:\/\/www.jornalcontato.com.br\/home\/index.php\/wp-json\/wp\/v2\/comments?post=4479"}],"version-history":[{"count":7,"href":"https:\/\/www.jornalcontato.com.br\/home\/index.php\/wp-json\/wp\/v2\/posts\/4479\/revisions"}],"predecessor-version":[{"id":4593,"href":"https:\/\/www.jornalcontato.com.br\/home\/index.php\/wp-json\/wp\/v2\/posts\/4479\/revisions\/4593"}],"wp:featuredmedia":[{"embeddable":true,"href":"https:\/\/www.jornalcontato.com.br\/home\/index.php\/wp-json\/wp\/v2\/media\/4482"}],"wp:attachment":[{"href":"https:\/\/www.jornalcontato.com.br\/home\/index.php\/wp-json\/wp\/v2\/media?parent=4479"}],"wp:term":[{"taxonomy":"category","embeddable":true,"href":"https:\/\/www.jornalcontato.com.br\/home\/index.php\/wp-json\/wp\/v2\/categories?post=4479"},{"taxonomy":"post_tag","embeddable":true,"href":"https:\/\/www.jornalcontato.com.br\/home\/index.php\/wp-json\/wp\/v2\/tags?post=4479"}],"curies":[{"name":"wp","href":"https:\/\/api.w.org\/{rel}","templated":true}]}}