{"id":4389,"date":"2013-01-31T18:54:22","date_gmt":"2013-01-31T21:54:22","guid":{"rendered":"http:\/\/jornalcontato.com.br\/home\/?p=4389"},"modified":"2013-02-19T09:30:52","modified_gmt":"2013-02-19T12:30:52","slug":"setores-do-pt-tratam-o-filiado-como-gado-diz-dirigente-petista","status":"publish","type":"post","link":"https:\/\/www.jornalcontato.com.br\/home\/index.php\/setores-do-pt-tratam-o-filiado-como-gado-diz-dirigente-petista\/","title":{"rendered":"\u201cSetores do PT tratam o filiado como gado\u201d, diz dirigente petista"},"content":{"rendered":"<p>Membro da dire\u00e7\u00e3o nacional do PT e dirigente do grupo &#8220;Articula\u00e7\u00e3o de Esquerda&#8221;, <!--more-->o historiador Valter Pomar \u00e9 um dos pr\u00e9-candidatos \u00e0 presid\u00eancia do PT, que acontecer\u00e1 por meio de elei\u00e7\u00e3o direta em novembro.<\/p>\n<p>Ele disse a esse rep\u00f3rter que alguns setores do partido &#8220;tratam os filiados como gado&#8221; e acham que s\u00e3o &#8220;donos do voto&#8221;. Pomar lembra que o chamado &#8220;Campo Majorit\u00e1rio&#8221;, do qual fazem parte Lula e Dilma, diminuiu seu tamanho de 70% para 50% do partido desde 2001.<br \/>\nSobre o tratamento que seu grupo dar\u00e1 aos r\u00e9us do mensal\u00e3o na campanha interna, Pomar \u00e9 cauteloso. &#8220;N\u00e3o vamos fulanizar o debate&#8221;.<br \/>\nSegundo um documento oficial da &#8220;Articula\u00e7\u00e3o Esquerda&#8221;, houve uma &#8220;manipula\u00e7\u00e3o do julgamento do chamado mensal\u00e3o&#8221; e um &#8220;conluio entre setores da direita do judici\u00e1rio, empresas de comunica\u00e7\u00e3o e oposi\u00e7\u00e3o de direita&#8221;.<br \/>\nA campanha pela presid\u00eancia do PT come\u00e7a oficialmente em abril e termina em novembro. Ainda segundo Pomar, &#8220;n\u00e3o h\u00e1 favoritos&#8221; na disputa pelo comando petista. &#8220;Tudo vai depender da conjuntura pol\u00edtica e do n\u00edvel de debate na base do PT&#8221;. A expectativa \u00e9 que pelo menos quatro postulantes entre na disputa.<br \/>\nO atual presidente, Rui Falc\u00e3o, que tenta a reelei\u00e7\u00e3o, \u00e9 apoiado por Lula e Dilma. Em 2005, o efeito mensal\u00e3o prejudicou o desempenho do campo majorit\u00e1rio do PT, que passou sufoco para eleger Ricardo Berzoini como presidente.<br \/>\nSeu rival, o ga\u00facho Raul Pont, reuniu uma grande frente, mas acabou ficando com o segundo posto mais importante na hierarquia partid\u00e1ria: secret\u00e1rio geral.<br \/>\nPor Pedro Venceslau (pvenceslau@brasileconomico.com.br)<\/p>\n","protected":false},"excerpt":{"rendered":"<p>Membro da dire\u00e7\u00e3o nacional do PT e dirigente do grupo &#8220;Articula\u00e7\u00e3o de Esquerda&#8221;,<\/p>\n","protected":false},"author":1,"featured_media":4392,"comment_status":"open","ping_status":"open","sticky":false,"template":"","format":"standard","meta":{"footnotes":""},"categories":[1],"tags":[],"class_list":["post-4389","post","type-post","status-publish","format-standard","has-post-thumbnail","hentry","category-nacional"],"_links":{"self":[{"href":"https:\/\/www.jornalcontato.com.br\/home\/index.php\/wp-json\/wp\/v2\/posts\/4389","targetHints":{"allow":["GET"]}}],"collection":[{"href":"https:\/\/www.jornalcontato.com.br\/home\/index.php\/wp-json\/wp\/v2\/posts"}],"about":[{"href":"https:\/\/www.jornalcontato.com.br\/home\/index.php\/wp-json\/wp\/v2\/types\/post"}],"author":[{"embeddable":true,"href":"https:\/\/www.jornalcontato.com.br\/home\/index.php\/wp-json\/wp\/v2\/users\/1"}],"replies":[{"embeddable":true,"href":"https:\/\/www.jornalcontato.com.br\/home\/index.php\/wp-json\/wp\/v2\/comments?post=4389"}],"version-history":[{"count":5,"href":"https:\/\/www.jornalcontato.com.br\/home\/index.php\/wp-json\/wp\/v2\/posts\/4389\/revisions"}],"predecessor-version":[{"id":4590,"href":"https:\/\/www.jornalcontato.com.br\/home\/index.php\/wp-json\/wp\/v2\/posts\/4389\/revisions\/4590"}],"wp:featuredmedia":[{"embeddable":true,"href":"https:\/\/www.jornalcontato.com.br\/home\/index.php\/wp-json\/wp\/v2\/media\/4392"}],"wp:attachment":[{"href":"https:\/\/www.jornalcontato.com.br\/home\/index.php\/wp-json\/wp\/v2\/media?parent=4389"}],"wp:term":[{"taxonomy":"category","embeddable":true,"href":"https:\/\/www.jornalcontato.com.br\/home\/index.php\/wp-json\/wp\/v2\/categories?post=4389"},{"taxonomy":"post_tag","embeddable":true,"href":"https:\/\/www.jornalcontato.com.br\/home\/index.php\/wp-json\/wp\/v2\/tags?post=4389"}],"curies":[{"name":"wp","href":"https:\/\/api.w.org\/{rel}","templated":true}]}}