{"id":4383,"date":"2013-01-31T13:01:37","date_gmt":"2013-01-31T16:01:37","guid":{"rendered":"http:\/\/jornalcontato.com.br\/home\/?p=4383"},"modified":"2016-04-06T15:27:11","modified_gmt":"2016-04-06T18:27:11","slug":"sindicato-dos-aposentados-de-taubate-tem-nova-diretoria","status":"publish","type":"post","link":"https:\/\/www.jornalcontato.com.br\/home\/index.php\/sindicato-dos-aposentados-de-taubate-tem-nova-diretoria\/","title":{"rendered":"Sindicato dos Aposentados de Taubat\u00e9 tem nova diretoria"},"content":{"rendered":"<div id=\"yui_3_7_2_1_1359632525569_22410\">\n<div id=\"yui_3_7_2_1_1359632525569_22408\" style=\"text-align: left;\" align=\"center\">Em Assembleia Geral realizada na manh\u00e3 de quarta-feira, dia 30, o\u00a0Sindicato Nacional dos Aposentados, Pensionistas e Idosos\u00a0elegeu a nova diretoria da subsede municipal de Taubat\u00e9 do sindicato.<\/div>\n<div id=\"yui_3_7_2_1_1359632525569_22422\">O novo diretor da regional de Taubat\u00e9 \u00e9 Ant\u00f4nio Mafra Netto, que ter\u00e1 como secret\u00e1ria Faraildes Santos e como tesoureiro Paulo Caetano.<\/div>\n<div id=\"yui_3_7_2_1_1359632525569_22425\">A solenidade foi presidida pelo atual diretor estadual, Jos\u00e9 Carlos Faria. Al\u00e9m dos diretores, associados e convidados, o evento contou com a presen\u00e7a do presidente do Sindicato dos Empregados no Com\u00e9rcio de Taubat\u00e9, Carlos Dion\u00edsio de Morais, e do vereador Douglas Carbonne (PCdoB).<\/div>\n<div id=\"yui_3_7_2_1_1359632525569_22427\">A nova diretoria assume com o compromisso de motivar os associados para que participem mais das atividades da entidade. \u201cHaver\u00e1 muito desafios a serem enfrentados principalmente visando a motiva\u00e7\u00e3o para que os associados participem das atividades do sindicato\u201d, afirmou Mafra.<\/div>\n<div id=\"yui_3_7_2_1_1359632525569_22429\">Fundado em junho de 2000, o Sindicato Nacional dos Aposentados e Pensionistas e Idosos \u00e9 hoje um dos mais importantes do Brasil, tendo representantes nacionais, estaduais e municipais.<\/div>\n<\/div>\n<div><\/div>\n<div id=\"yui_3_7_2_1_1359632525569_22430\"><\/div>\n","protected":false},"excerpt":{"rendered":"<p>Em Assembleia Geral realizada na manh\u00e3 de quarta-feira, dia 30, o\u00a0Sindicato Nacional dos Aposentados, Pensionistas e Idosos\u00a0elegeu a nova diretoria da subsede municipal de Taubat\u00e9 &#8230;<\/p>\n","protected":false},"author":1,"featured_media":4384,"comment_status":"open","ping_status":"open","sticky":false,"template":"","format":"standard","meta":{"footnotes":""},"categories":[29,7],"tags":[],"class_list":["post-4383","post","type-post","status-publish","format-standard","has-post-thumbnail","hentry","category-regional","category-reportagem"],"_links":{"self":[{"href":"https:\/\/www.jornalcontato.com.br\/home\/index.php\/wp-json\/wp\/v2\/posts\/4383","targetHints":{"allow":["GET"]}}],"collection":[{"href":"https:\/\/www.jornalcontato.com.br\/home\/index.php\/wp-json\/wp\/v2\/posts"}],"about":[{"href":"https:\/\/www.jornalcontato.com.br\/home\/index.php\/wp-json\/wp\/v2\/types\/post"}],"author":[{"embeddable":true,"href":"https:\/\/www.jornalcontato.com.br\/home\/index.php\/wp-json\/wp\/v2\/users\/1"}],"replies":[{"embeddable":true,"href":"https:\/\/www.jornalcontato.com.br\/home\/index.php\/wp-json\/wp\/v2\/comments?post=4383"}],"version-history":[{"count":4,"href":"https:\/\/www.jornalcontato.com.br\/home\/index.php\/wp-json\/wp\/v2\/posts\/4383\/revisions"}],"predecessor-version":[{"id":11172,"href":"https:\/\/www.jornalcontato.com.br\/home\/index.php\/wp-json\/wp\/v2\/posts\/4383\/revisions\/11172"}],"wp:featuredmedia":[{"embeddable":true,"href":"https:\/\/www.jornalcontato.com.br\/home\/index.php\/wp-json\/wp\/v2\/media\/4384"}],"wp:attachment":[{"href":"https:\/\/www.jornalcontato.com.br\/home\/index.php\/wp-json\/wp\/v2\/media?parent=4383"}],"wp:term":[{"taxonomy":"category","embeddable":true,"href":"https:\/\/www.jornalcontato.com.br\/home\/index.php\/wp-json\/wp\/v2\/categories?post=4383"},{"taxonomy":"post_tag","embeddable":true,"href":"https:\/\/www.jornalcontato.com.br\/home\/index.php\/wp-json\/wp\/v2\/tags?post=4383"}],"curies":[{"name":"wp","href":"https:\/\/api.w.org\/{rel}","templated":true}]}}