{"id":4371,"date":"2013-01-31T11:33:37","date_gmt":"2013-01-31T14:33:37","guid":{"rendered":"http:\/\/jornalcontato.com.br\/home\/?p=4371"},"modified":"2016-04-06T15:27:24","modified_gmt":"2016-04-06T18:27:24","slug":"carnaval-aquece-as-vendas-em-taubate","status":"publish","type":"post","link":"https:\/\/www.jornalcontato.com.br\/home\/index.php\/carnaval-aquece-as-vendas-em-taubate\/","title":{"rendered":"Carnaval aquece as vendas em Taubat\u00e9"},"content":{"rendered":"<div id=\"yui_3_7_2_1_1359632525569_15784\" style=\"text-align: left;\" align=\"center\">Levantamento realizado pela Associa\u00e7\u00e3o Comercial e Industrial de Taubat\u00e9 (ACIT) mostrou que as vendas para o Carnaval deste ano podem ter aumento de at\u00e9 20%.<\/div>\n<div id=\"yui_3_7_2_1_1359632525569_15759\">Dentre os estabelecimentos, foram consultadas lojas de roupas e acess\u00f3rios do centro da cidade, sendo os produtos mais procurados nestes locais s\u00e3o blusas (50%), shorts (30%) e acess\u00f3rios em geral (20%). A pesquisa foi feita entre os dias 25 e 29 de janeiro.<\/div>\n<div id=\"yui_3_7_2_1_1359632525569_15777\">Uma pesquisa divulgada pelo Sindicato do Com\u00e9rcio Varejista de Taubat\u00e9 e Regi\u00e3o (Sincovat) aponta que lojas de decora\u00e7\u00e3o, festas e fantasia e outras do segmento esperam um crescimento de 10% nas vendas.<\/div>\n","protected":false},"excerpt":{"rendered":"<p>Levantamento realizado pela Associa\u00e7\u00e3o Comercial e Industrial de Taubat\u00e9 (ACIT) mostrou que as vendas para o Carnaval deste ano podem ter aumento de at\u00e9 20%. &#8230;<\/p>\n","protected":false},"author":1,"featured_media":4380,"comment_status":"open","ping_status":"open","sticky":false,"template":"","format":"standard","meta":{"footnotes":""},"categories":[29,7],"tags":[],"class_list":["post-4371","post","type-post","status-publish","format-standard","has-post-thumbnail","hentry","category-regional","category-reportagem"],"_links":{"self":[{"href":"https:\/\/www.jornalcontato.com.br\/home\/index.php\/wp-json\/wp\/v2\/posts\/4371","targetHints":{"allow":["GET"]}}],"collection":[{"href":"https:\/\/www.jornalcontato.com.br\/home\/index.php\/wp-json\/wp\/v2\/posts"}],"about":[{"href":"https:\/\/www.jornalcontato.com.br\/home\/index.php\/wp-json\/wp\/v2\/types\/post"}],"author":[{"embeddable":true,"href":"https:\/\/www.jornalcontato.com.br\/home\/index.php\/wp-json\/wp\/v2\/users\/1"}],"replies":[{"embeddable":true,"href":"https:\/\/www.jornalcontato.com.br\/home\/index.php\/wp-json\/wp\/v2\/comments?post=4371"}],"version-history":[{"count":4,"href":"https:\/\/www.jornalcontato.com.br\/home\/index.php\/wp-json\/wp\/v2\/posts\/4371\/revisions"}],"predecessor-version":[{"id":11174,"href":"https:\/\/www.jornalcontato.com.br\/home\/index.php\/wp-json\/wp\/v2\/posts\/4371\/revisions\/11174"}],"wp:featuredmedia":[{"embeddable":true,"href":"https:\/\/www.jornalcontato.com.br\/home\/index.php\/wp-json\/wp\/v2\/media\/4380"}],"wp:attachment":[{"href":"https:\/\/www.jornalcontato.com.br\/home\/index.php\/wp-json\/wp\/v2\/media?parent=4371"}],"wp:term":[{"taxonomy":"category","embeddable":true,"href":"https:\/\/www.jornalcontato.com.br\/home\/index.php\/wp-json\/wp\/v2\/categories?post=4371"},{"taxonomy":"post_tag","embeddable":true,"href":"https:\/\/www.jornalcontato.com.br\/home\/index.php\/wp-json\/wp\/v2\/tags?post=4371"}],"curies":[{"name":"wp","href":"https:\/\/api.w.org\/{rel}","templated":true}]}}