{"id":4325,"date":"2013-01-28T17:10:11","date_gmt":"2013-01-28T20:10:11","guid":{"rendered":"http:\/\/jornalcontato.com.br\/home\/?p=4325"},"modified":"2013-02-19T09:32:06","modified_gmt":"2013-02-19T12:32:06","slug":"reuniao-preve-a-resolucao-do-caso-qualicon-ate-sexta-feira","status":"publish","type":"post","link":"https:\/\/www.jornalcontato.com.br\/home\/index.php\/reuniao-preve-a-resolucao-do-caso-qualicon-ate-sexta-feira\/","title":{"rendered":"Reuni\u00e3o prev\u00ea a resolu\u00e7\u00e3o do caso Qualicon at\u00e9 sexta-feira"},"content":{"rendered":"<p><!--more-->Na manh\u00e3 desta segunda-feira, 28, cerca de 50 pessoas que fizeram o concurso p\u00fablico para o cargo de Professor na rede municipal de ensino reuniram-se na C\u00e2mara Municipal para pressionar por uma solu\u00e7\u00e3o para o impasse sobre o concurso p\u00fablico realizado em 2012 pelo Governo Peixoto, por meio da empresa Qualicon. Foram aplicadas duas provas porque a primeira precisou ser cancelada em virtude de irregularidades apontadas pelas pessoas que concorreram ao cargo.<br \/>\nA falta de defini\u00e7\u00e3o foi apontado pela vereadora Pollyana Gama (PPS) como um dos motivos para o adiamento das aulas no munic\u00edpio, que estava previsto para come\u00e7ar no dia 04 de fevereiro. J\u00e1 o governo municipal alega que o atraso no inicio do ano letivo se deve-se ao sucateamento da frota, a falta de estrutura na escolas e a indefini\u00e7\u00e3o no fornecimento da merenda.<br \/>\nO grupo que marcou presen\u00e7a no poder Legislativo tem opini\u00f5es divergentes. Est\u00e1 dividido entre os que se posicionavam a favor do cancelamento total do concurso, outros preferem o cancelamento parcial e uma parte quer referendar a prova aplicada, sob a justificativa de que o concurso j\u00e1 foi outorgado.<br \/>\n\u201cNo inicio do ano tive uma conversa com o prefeito (Ortiz Junior), e ele deixou claro que gostaria da resolu\u00e7\u00e3o do impasse o quanto antes, exigindo a a\u00e7\u00e3o da Secret\u00e1ria de Educa\u00e7\u00e3o e Servi\u00e7os Jur\u00eddicos do munic\u00edpio\u201d, informou a vereador Pollyana Gama, uma das participantes da reuni\u00e3o.<br \/>\nAp\u00f3s a reuni\u00e3o na C\u00e2mara Municipal, cerca de dez professores dirigiram-se \u00e0 Secret\u00e1ria de Neg\u00f3cios Jur\u00eddicos para falar com Jean Soldi Esteves, respons\u00e1vel pela pasta, com o intuito de conversarem para a defini\u00e7\u00e3o do caso. Ele informou que a prefeitura est\u00e1 apurando o caso aos professores por meio de uma sindic\u00e2ncia.<br \/>\nDe acordo com a vereadora Pollyana Gama, o caso deve ter uma defini\u00e7\u00e3o at\u00e9 a pr\u00f3xima sexta-feira, dia 1 \u00b0 de fevereiro.<br \/>\n<a href=\"http:\/\/jornalcontato.com.br\/home\/wp-content\/uploads\/2013\/01\/DSC_47061.jpg\"><img loading=\"lazy\" decoding=\"async\" class=\"alignleft size-thumbnail wp-image-4328\" title=\"DSC_4706\" src=\"http:\/\/jornalcontato.com.br\/home\/wp-content\/uploads\/2013\/01\/DSC_47061-150x150.jpg\" alt=\"\" width=\"150\" height=\"150\" \/><\/a><\/p>\n<p><a href=\"http:\/\/jornalcontato.com.br\/home\/wp-content\/uploads\/2013\/01\/DSC_4707.jpg\"><img loading=\"lazy\" decoding=\"async\" class=\"alignleft size-thumbnail wp-image-4329\" title=\"DSC_4707\" src=\"http:\/\/jornalcontato.com.br\/home\/wp-content\/uploads\/2013\/01\/DSC_4707-150x150.jpg\" alt=\"\" width=\"150\" height=\"150\" \/><\/a><\/p>\n<p><a href=\"http:\/\/jornalcontato.com.br\/home\/wp-content\/uploads\/2013\/01\/DSC_4708.jpg\"><img loading=\"lazy\" decoding=\"async\" class=\"alignleft size-thumbnail wp-image-4330\" title=\"DSC_4708\" src=\"http:\/\/jornalcontato.com.br\/home\/wp-content\/uploads\/2013\/01\/DSC_4708-150x150.jpg\" alt=\"\" width=\"150\" height=\"150\" \/><\/a><\/p>\n<p><a href=\"http:\/\/jornalcontato.com.br\/home\/wp-content\/uploads\/2013\/01\/DSC_4709.jpg\"><img loading=\"lazy\" decoding=\"async\" class=\"alignleft size-thumbnail wp-image-4331\" title=\"DSC_4709\" src=\"http:\/\/jornalcontato.com.br\/home\/wp-content\/uploads\/2013\/01\/DSC_4709-150x150.jpg\" alt=\"\" width=\"150\" height=\"150\" \/><\/a><\/p>\n<p><a href=\"http:\/\/jornalcontato.com.br\/home\/wp-content\/uploads\/2013\/01\/DSC_4710.jpg\"><img loading=\"lazy\" decoding=\"async\" class=\"alignleft size-thumbnail wp-image-4332\" title=\"DSC_4710\" src=\"http:\/\/jornalcontato.com.br\/home\/wp-content\/uploads\/2013\/01\/DSC_4710-150x150.jpg\" alt=\"\" width=\"150\" height=\"150\" \/><\/a><\/p>\n","protected":false},"excerpt":{"rendered":"","protected":false},"author":1,"featured_media":4326,"comment_status":"open","ping_status":"open","sticky":false,"template":"","format":"standard","meta":{"footnotes":""},"categories":[7],"tags":[],"class_list":["post-4325","post","type-post","status-publish","format-standard","has-post-thumbnail","hentry","category-reportagem"],"_links":{"self":[{"href":"https:\/\/www.jornalcontato.com.br\/home\/index.php\/wp-json\/wp\/v2\/posts\/4325","targetHints":{"allow":["GET"]}}],"collection":[{"href":"https:\/\/www.jornalcontato.com.br\/home\/index.php\/wp-json\/wp\/v2\/posts"}],"about":[{"href":"https:\/\/www.jornalcontato.com.br\/home\/index.php\/wp-json\/wp\/v2\/types\/post"}],"author":[{"embeddable":true,"href":"https:\/\/www.jornalcontato.com.br\/home\/index.php\/wp-json\/wp\/v2\/users\/1"}],"replies":[{"embeddable":true,"href":"https:\/\/www.jornalcontato.com.br\/home\/index.php\/wp-json\/wp\/v2\/comments?post=4325"}],"version-history":[{"count":4,"href":"https:\/\/www.jornalcontato.com.br\/home\/index.php\/wp-json\/wp\/v2\/posts\/4325\/revisions"}],"predecessor-version":[{"id":4600,"href":"https:\/\/www.jornalcontato.com.br\/home\/index.php\/wp-json\/wp\/v2\/posts\/4325\/revisions\/4600"}],"wp:featuredmedia":[{"embeddable":true,"href":"https:\/\/www.jornalcontato.com.br\/home\/index.php\/wp-json\/wp\/v2\/media\/4326"}],"wp:attachment":[{"href":"https:\/\/www.jornalcontato.com.br\/home\/index.php\/wp-json\/wp\/v2\/media?parent=4325"}],"wp:term":[{"taxonomy":"category","embeddable":true,"href":"https:\/\/www.jornalcontato.com.br\/home\/index.php\/wp-json\/wp\/v2\/categories?post=4325"},{"taxonomy":"post_tag","embeddable":true,"href":"https:\/\/www.jornalcontato.com.br\/home\/index.php\/wp-json\/wp\/v2\/tags?post=4325"}],"curies":[{"name":"wp","href":"https:\/\/api.w.org\/{rel}","templated":true}]}}