{"id":4294,"date":"2012-12-21T13:03:41","date_gmt":"2012-12-21T16:03:41","guid":{"rendered":"http:\/\/jornalcontato.com.br\/home\/?p=4294"},"modified":"2013-01-30T10:54:22","modified_gmt":"2013-01-30T13:54:22","slug":"edicao-579-do-jornal-contato","status":"publish","type":"post","link":"https:\/\/www.jornalcontato.com.br\/home\/index.php\/edicao-579-do-jornal-contato\/","title":{"rendered":"Edi\u00e7\u00e3o 579 do Jornal CONTATO"},"content":{"rendered":"<p style=\"text-align: center;\"><strong><!--more-->Confira os temperos de Tia Anast\u00e1cia na edi\u00e7\u00e3o 579 do Jornal CONTATO<\/strong><\/p>\n<p><strong>Di\u00e1logo r\u00e1pido<\/strong><br \/>\nUm sobrinho de Tia Anast\u00e1cia teve um r\u00e1pido di\u00e1logo com o titular da Vara da Fazenda de Taubat\u00e9, o juiz Paulo Roberto da<br \/>\nSilva. Muita coisa para a Vara da Fazenda a mudan\u00e7a de prefeito? \u201cAbsolutamente nada. Ali\u00e1s, j\u00e1 era para ter sido aprovada a cria\u00e7\u00e3o de uma segunda Vara\u201d.<\/p>\n<p><strong>Di\u00e1logo r\u00e1pido 2<\/strong><br \/>\nO senhor pretende se aposentar? \u201cPensei nisso, mas ainda tenho um bom tempo antes de chegar aos 70 anos para a aposentadoria<br \/>\ncompuls\u00f3ria\u201d. Mas e a carreira pol\u00edtica? \u201cN\u00e3o penso nisso, no momento\u201d. Mas tem muita gente querendo ver o senhor na carreira<br \/>\npol\u00edtica. \u201c\u00c9 verdade. Tenho muitos amigos em Guaratinguet\u00e1 e Cruzeiro que me pressionam. Mas n\u00e3o vou deixar me seduzir\u201d.<\/p>\n<p><strong>Surpresa<\/strong><br \/>\nDasmah \u00e9 o restaurante mais concorrido pelos taubateanos da velha guarda. Os jovens tamb\u00e9m n\u00e3o saem de l\u00e1. Por isso mesmo \u00e9<br \/>\num dos poucos estabelecimentos onde o Jornal CONTATO pode ser adquirido. Na segunda-feira, 17, a capa da edi\u00e7\u00e3o 578 chamava<br \/>\naten\u00e7\u00e3o de quem ia pagar a conta. De repente, uma conhecida socialite pindense exclamou: \u201cO que o Bacana est\u00e1 fazendo na<br \/>\ncapa do jornal de Taubat\u00e9?\u201d<\/p>\n<p><strong>Surpresa 2<\/strong><br \/>\nEm seguida, a senhora que tem parentesco com familiares do governador desandou a falar cobras e lagartos a respeito de Djalma<br \/>\nSantos, o Bacana, o algoz de Ortiz J\u00fanior. Por serem impublic\u00e1veis, respeitaremos nosso p\u00fablico leitor. Mas, pelo que o sobrinho preferido de Tia Anast\u00e1cia entendeu, a m\u00e1 fama do mo\u00e7o bacana vem de muito tempo. \u201cComo \u00e9 que o J\u00fanior se aproximou dele?\u201d pergunta Tia Anast\u00e1cia encafifada.<\/p>\n<p><a href=\"http:\/\/jornalcontato.com.br\/home\/wp-content\/uploads\/2012\/12\/579.jpg\"><img loading=\"lazy\" decoding=\"async\" class=\"alignleft size-thumbnail wp-image-4296\" title=\"579\" src=\"http:\/\/jornalcontato.com.br\/home\/wp-content\/uploads\/2012\/12\/579-150x150.jpg\" alt=\"\" width=\"150\" height=\"150\" \/><\/a><\/p>\n","protected":false},"excerpt":{"rendered":"","protected":false},"author":1,"featured_media":4295,"comment_status":"open","ping_status":"open","sticky":false,"template":"","format":"standard","meta":{"footnotes":""},"categories":[7],"tags":[],"class_list":["post-4294","post","type-post","status-publish","format-standard","has-post-thumbnail","hentry","category-reportagem"],"_links":{"self":[{"href":"https:\/\/www.jornalcontato.com.br\/home\/index.php\/wp-json\/wp\/v2\/posts\/4294","targetHints":{"allow":["GET"]}}],"collection":[{"href":"https:\/\/www.jornalcontato.com.br\/home\/index.php\/wp-json\/wp\/v2\/posts"}],"about":[{"href":"https:\/\/www.jornalcontato.com.br\/home\/index.php\/wp-json\/wp\/v2\/types\/post"}],"author":[{"embeddable":true,"href":"https:\/\/www.jornalcontato.com.br\/home\/index.php\/wp-json\/wp\/v2\/users\/1"}],"replies":[{"embeddable":true,"href":"https:\/\/www.jornalcontato.com.br\/home\/index.php\/wp-json\/wp\/v2\/comments?post=4294"}],"version-history":[{"count":4,"href":"https:\/\/www.jornalcontato.com.br\/home\/index.php\/wp-json\/wp\/v2\/posts\/4294\/revisions"}],"predecessor-version":[{"id":4337,"href":"https:\/\/www.jornalcontato.com.br\/home\/index.php\/wp-json\/wp\/v2\/posts\/4294\/revisions\/4337"}],"wp:featuredmedia":[{"embeddable":true,"href":"https:\/\/www.jornalcontato.com.br\/home\/index.php\/wp-json\/wp\/v2\/media\/4295"}],"wp:attachment":[{"href":"https:\/\/www.jornalcontato.com.br\/home\/index.php\/wp-json\/wp\/v2\/media?parent=4294"}],"wp:term":[{"taxonomy":"category","embeddable":true,"href":"https:\/\/www.jornalcontato.com.br\/home\/index.php\/wp-json\/wp\/v2\/categories?post=4294"},{"taxonomy":"post_tag","embeddable":true,"href":"https:\/\/www.jornalcontato.com.br\/home\/index.php\/wp-json\/wp\/v2\/tags?post=4294"}],"curies":[{"name":"wp","href":"https:\/\/api.w.org\/{rel}","templated":true}]}}