{"id":422,"date":"2012-07-30T14:31:40","date_gmt":"2012-07-30T17:31:40","guid":{"rendered":"http:\/\/jornalcontato.com.br\/home\/?p=422"},"modified":"2012-08-17T14:34:04","modified_gmt":"2012-08-17T17:34:04","slug":"tv-contato-debate-sobre-a-violencia","status":"publish","type":"post","link":"https:\/\/www.jornalcontato.com.br\/home\/index.php\/tv-contato-debate-sobre-a-violencia\/","title":{"rendered":"TV CONTATO: debate sobre a viol\u00eancia"},"content":{"rendered":"<p><a href=\"http:\/\/jornalcontato.com.br\/home\/wp-content\/uploads\/2012\/08\/481931_352517888157866_1092550355_n.jpg\"><img loading=\"lazy\" decoding=\"async\" class=\"aligncenter size-medium wp-image-423\" title=\"481931_352517888157866_1092550355_n\" src=\"http:\/\/jornalcontato.com.br\/home\/wp-content\/uploads\/2012\/08\/481931_352517888157866_1092550355_n-300x111.jpg\" alt=\"\" width=\"300\" height=\"111\" srcset=\"https:\/\/jornalcontato.com.br\/home\/wp-content\/uploads\/2012\/08\/481931_352517888157866_1092550355_n-300x111.jpg 300w, https:\/\/jornalcontato.com.br\/home\/wp-content\/uploads\/2012\/08\/481931_352517888157866_1092550355_n.jpg 851w\" sizes=\"auto, (max-width: 300px) 100vw, 300px\" \/><\/a><\/p>\n<p>S\u00f3 no \u00faltimo fim de semana, a Pol\u00edcia Militar atendeu diversas ocorr\u00eancias e deteve 17 pessoas, entre adultos e adolescentes, em Taubat\u00e9. S\u00e3o casos de tr\u00e1fico de drogas, roubo a m\u00e3o armada, foragidos da Justi\u00e7a&#8230; Essas pessoas acabam sendo conduzidas a um sistema prisional que n\u00e3o consegue reintegrar ningu\u00e9m para a sociedade. Muitos desses casos de pol\u00edcia poderiam ter sido evitados com a\u00e7\u00f5es sociais. A equipe de jornalismo da TV CONTATO prepara uma reportagem exclusiva sobre a quest\u00e3o da viol\u00eancia no munic\u00edpio. O material ser\u00e1 exibido no dia 6 de agosto como parte integrante do primeiro debate do projeto \u201cElei\u00e7\u00f5es 2012 \u2013 O FUTURO DE TAUBAT\u00c9\u201d. O debate ter\u00e1 a presen\u00e7a de especialistas e ser\u00e1 transmitido ao vivo. Aguardem!!!<\/p>\n","protected":false},"excerpt":{"rendered":"<p>S\u00f3 no \u00faltimo fim de semana, a Pol\u00edcia Militar atendeu diversas ocorr\u00eancias e deteve 17 pessoas, entre adultos e adolescentes, em Taubat\u00e9. S\u00e3o casos de &#8230;<\/p>\n","protected":false},"author":1,"featured_media":423,"comment_status":"open","ping_status":"open","sticky":false,"template":"","format":"standard","meta":{"footnotes":""},"categories":[7],"tags":[],"class_list":["post-422","post","type-post","status-publish","format-standard","has-post-thumbnail","hentry","category-reportagem"],"_links":{"self":[{"href":"https:\/\/www.jornalcontato.com.br\/home\/index.php\/wp-json\/wp\/v2\/posts\/422","targetHints":{"allow":["GET"]}}],"collection":[{"href":"https:\/\/www.jornalcontato.com.br\/home\/index.php\/wp-json\/wp\/v2\/posts"}],"about":[{"href":"https:\/\/www.jornalcontato.com.br\/home\/index.php\/wp-json\/wp\/v2\/types\/post"}],"author":[{"embeddable":true,"href":"https:\/\/www.jornalcontato.com.br\/home\/index.php\/wp-json\/wp\/v2\/users\/1"}],"replies":[{"embeddable":true,"href":"https:\/\/www.jornalcontato.com.br\/home\/index.php\/wp-json\/wp\/v2\/comments?post=422"}],"version-history":[{"count":2,"href":"https:\/\/www.jornalcontato.com.br\/home\/index.php\/wp-json\/wp\/v2\/posts\/422\/revisions"}],"predecessor-version":[{"id":425,"href":"https:\/\/www.jornalcontato.com.br\/home\/index.php\/wp-json\/wp\/v2\/posts\/422\/revisions\/425"}],"wp:featuredmedia":[{"embeddable":true,"href":"https:\/\/www.jornalcontato.com.br\/home\/index.php\/wp-json\/wp\/v2\/media\/423"}],"wp:attachment":[{"href":"https:\/\/www.jornalcontato.com.br\/home\/index.php\/wp-json\/wp\/v2\/media?parent=422"}],"wp:term":[{"taxonomy":"category","embeddable":true,"href":"https:\/\/www.jornalcontato.com.br\/home\/index.php\/wp-json\/wp\/v2\/categories?post=422"},{"taxonomy":"post_tag","embeddable":true,"href":"https:\/\/www.jornalcontato.com.br\/home\/index.php\/wp-json\/wp\/v2\/tags?post=422"}],"curies":[{"name":"wp","href":"https:\/\/api.w.org\/{rel}","templated":true}]}}